{"id":24614,"date":"2025-09-24T11:36:15","date_gmt":"2025-09-24T09:36:15","guid":{"rendered":"https:\/\/www.franceangels.org\/?p=24614"},"modified":"2025-09-29T09:57:13","modified_gmt":"2025-09-29T07:57:13","slug":"france-angels-a-big-3","status":"publish","type":"post","link":"https:\/\/www.franceangels.org\/en\/article\/france-angels-a-big-3\/","title":{"rendered":"France Angels \u00e0 BIG"},"content":{"rendered":"\n<p>Tout l&#8217;\u00e9quipe de <strong><a href=\"https:\/\/www.franceangels.org\" target=\"_blank\" rel=\"noreferrer noopener\">France Angels<\/a><\/strong> \u00e9tait \u00e0 nouveau au rendez-vous, le 23 septembre, pour cette nouvelle \u00e9dition de <strong><a href=\"https:\/\/big.bpifrance.fr\" target=\"_blank\" rel=\"noreferrer noopener\">BIG<\/a><\/strong>, le grand rassemblement des entrepreneurs en France.<\/p>\n\n\n\n<!--more-->\n\n\n\n<p>La F\u00e9d\u00e9ration nationale des Business Angels \u00e9tait pr\u00e9sente au c\u00f4t\u00e9 du <strong><a href=\"https:\/\/www.capcrea.com\" target=\"_blank\" rel=\"noreferrer noopener\">Collectif Cap Cr\u00e9a<\/a><\/strong> qui regroupe 27 r\u00e9seaux dont France Angels, favorisant l\u2019acc\u00e8s \u00e0 l\u2019entrepreneuriat de toutes et tous, pour l\u2019\u00e9conomie, l\u2019emploi, et r\u00e9pondre aux grands enjeux sociaux et environnementaux par la cr\u00e9ation d\u2019entreprise.<\/p>\n\n\n\n<p>France Angels a particip\u00e9 \u00e0 deux temps fort du collectif&nbsp;:<\/p>\n\n\n\n<ul><li>Toute la journ\u00e9e au sein du Village Cap Cr\u00e9a, espace d\u00e9di\u00e9 \u00e0 l\u2019initiative entrepreneuriale pour des \u00e9changes one to one avec des entrepreneurs aupr\u00e8s des r\u00e9seaux d\u2019accompagnement partenaires de <strong><a href=\"https:\/\/www.bpifrance.fr\" target=\"_blank\" rel=\"noreferrer noopener\">Bpifrance<\/a><\/strong>, membres de Cap Cr\u00e9a.<\/li><li>Lors de deux interventions dans la Bulle Cap Cr\u00e9a, un lieu p\u00e9dagogique et de transmission afin d\u2019\u00e9clairer et transmettre des solutions concr\u00e8tes pour acc\u00e9l\u00e9rer son business\u00a0:<ul><li>Avec <strong><a href=\"https:\/\/www.linkedin.com\/in\/c\u00e9cile-oudiette-64681311\/\" target=\"_blank\" rel=\"noreferrer noopener\">C\u00e9cile Oudiette<\/a><\/strong>, D\u00e9l\u00e9gu\u00e9e G\u00e9n\u00e9rale de France Angels \u00e0 la masterclass \u00ab\u00a0Les incontournables pour lancer une entreprise innovante\u00a0\u00bb.<\/li><\/ul><ul><li>Avec <strong><a href=\"https:\/\/www.linkedin.com\/in\/alain-pujol-6655793\/\" target=\"_blank\" rel=\"noreferrer noopener\">Alain Pujol<\/a><\/strong>, Co-Pr\u00e9sident de France Angels pour la conf\u00e9rence \u00ab\u00a0Entrepreneurs, comment structurer votre croissance\u00a0\u00bb.<\/li><\/ul><\/li><\/ul>\n\n\n\n<p>Rendez-vous l\u2019ann\u00e9e prochaine pour de nouvelles conf\u00e9rences et des \u00e9changes afin d\u2019\u00e9pauler les entrepreneurs dans la cr\u00e9ation de leurs startups.<\/p>\n","protected":false},"excerpt":{"rendered":"<p>Tout l&#8217;\u00e9quipe de France Angels \u00e9tait \u00e0 nouveau au rendez-vous, le 23 septembre, pour cette nouvelle \u00e9dition de BIG, le grand rassemblement des entrepreneurs en France.<\/p>\n","protected":false},"author":114,"featured_media":24615,"comment_status":"closed","ping_status":"open","sticky":false,"template":"","format":"standard","meta":{"inline_featured_image":false},"categories":[58],"tags":[63,1617,78,76],"yoast_head":"<!-- This site is optimized with the Yoast SEO plugin v19.7.2 - https:\/\/yoast.com\/wordpress\/plugins\/seo\/ -->\n<title>France Angels \u00e0 BIG - France Angels<\/title>\n<meta name=\"robots\" content=\"index, follow, max-snippet:-1, max-image-preview:large, max-video-preview:-1\" \/>\n<link rel=\"canonical\" href=\"https:\/\/www.franceangels.org\/article\/france-angels-a-big-3\/\" \/>\n<meta property=\"og:locale\" content=\"en_US\" \/>\n<meta property=\"og:type\" content=\"article\" \/>\n<meta property=\"og:title\" content=\"France Angels \u00e0 BIG - France Angels\" \/>\n<meta property=\"og:description\" content=\"Tout l&#8217;\u00e9quipe de France Angels \u00e9tait \u00e0 nouveau au rendez-vous, le 23 septembre, pour cette nouvelle \u00e9dition de BIG, le grand rassemblement des entrepreneurs en France.\" \/>\n<meta property=\"og:url\" content=\"https:\/\/www.franceangels.org\/article\/france-angels-a-big-3\/\" \/>\n<meta property=\"og:site_name\" content=\"France Angels\" \/>\n<meta property=\"article:publisher\" content=\"https:\/\/facebook.com\/france.angels\/\" \/>\n<meta property=\"article:published_time\" content=\"2025-09-24T09:36:15+00:00\" \/>\n<meta property=\"article:modified_time\" content=\"2025-09-29T07:57:13+00:00\" \/>\n<meta property=\"og:image\" content=\"https:\/\/www.franceangels.org\/wp-content\/uploads\/2025\/09\/Visuels-articles-10-1024x505.png\" \/>\n\t<meta property=\"og:image:width\" content=\"1024\" \/>\n\t<meta property=\"og:image:height\" content=\"505\" \/>\n\t<meta property=\"og:image:type\" content=\"image\/png\" \/>\n<meta name=\"author\" content=\"France Angels\" \/>\n<meta name=\"twitter:card\" content=\"summary_large_image\" \/>\n<meta name=\"twitter:creator\" content=\"@franceangels\" \/>\n<meta name=\"twitter:site\" content=\"@franceangels\" \/>\n<meta name=\"twitter:label1\" content=\"Written by\" \/>\n\t<meta name=\"twitter:data1\" content=\"France Angels\" \/>\n\t<meta name=\"twitter:label2\" content=\"Est. reading time\" \/>\n\t<meta name=\"twitter:data2\" content=\"1 minute\" \/>\n<script type=\"application\/ld+json\" class=\"yoast-schema-graph\">{\"@context\":\"https:\/\/schema.org\",\"@graph\":[{\"@type\":\"Article\",\"@id\":\"https:\/\/www.franceangels.org\/article\/france-angels-a-big-3\/#article\",\"isPartOf\":{\"@id\":\"https:\/\/www.franceangels.org\/article\/france-angels-a-big-3\/\"},\"author\":{\"name\":\"France Angels\",\"@id\":\"https:\/\/www.franceangels.org\/#\/schema\/person\/23bc1670ad5f0f132d0c3610b1ad2b59\"},\"headline\":\"France Angels \u00e0 BIG\",\"datePublished\":\"2025-09-24T09:36:15+00:00\",\"dateModified\":\"2025-09-29T07:57:13+00:00\",\"mainEntityOfPage\":{\"@id\":\"https:\/\/www.franceangels.org\/article\/france-angels-a-big-3\/\"},\"wordCount\":232,\"publisher\":{\"@id\":\"https:\/\/www.franceangels.org\/#organization\"},\"keywords\":[\"Business Angels\",\"Collectif\",\"France Angels\",\"R\u00e9seaux de Business Angels\"],\"articleSection\":[\"France Angels\"],\"inLanguage\":\"en-US\"},{\"@type\":\"WebPage\",\"@id\":\"https:\/\/www.franceangels.org\/article\/france-angels-a-big-3\/\",\"url\":\"https:\/\/www.franceangels.org\/article\/france-angels-a-big-3\/\",\"name\":\"France Angels \u00e0 BIG - France Angels\",\"isPartOf\":{\"@id\":\"https:\/\/www.franceangels.org\/#website\"},\"datePublished\":\"2025-09-24T09:36:15+00:00\",\"dateModified\":\"2025-09-29T07:57:13+00:00\",\"breadcrumb\":{\"@id\":\"https:\/\/www.franceangels.org\/article\/france-angels-a-big-3\/#breadcrumb\"},\"inLanguage\":\"en-US\",\"potentialAction\":[{\"@type\":\"ReadAction\",\"target\":[\"https:\/\/www.franceangels.org\/article\/france-angels-a-big-3\/\"]}]},{\"@type\":\"BreadcrumbList\",\"@id\":\"https:\/\/www.franceangels.org\/article\/france-angels-a-big-3\/#breadcrumb\",\"itemListElement\":[{\"@type\":\"ListItem\",\"position\":1,\"name\":\"Accueil\",\"item\":\"https:\/\/www.franceangels.org\/en\/\"},{\"@type\":\"ListItem\",\"position\":2,\"name\":\"France Angels \u00e0 BIG\"}]},{\"@type\":\"WebSite\",\"@id\":\"https:\/\/www.franceangels.org\/#website\",\"url\":\"https:\/\/www.franceangels.org\/\",\"name\":\"France Angels\",\"description\":\"F\u00e9d\u00e9ration Nationale des Business Angels\",\"publisher\":{\"@id\":\"https:\/\/www.franceangels.org\/#organization\"},\"potentialAction\":[{\"@type\":\"SearchAction\",\"target\":{\"@type\":\"EntryPoint\",\"urlTemplate\":\"https:\/\/www.franceangels.org\/?s={search_term_string}\"},\"query-input\":\"required name=search_term_string\"}],\"inLanguage\":\"en-US\"},{\"@type\":\"Organization\",\"@id\":\"https:\/\/www.franceangels.org\/#organization\",\"name\":\"France Angels\",\"url\":\"https:\/\/www.franceangels.org\/\",\"sameAs\":[\"https:\/\/linkedin.com\/company\/france-angels\",\"https:\/\/www.youtube.com\/channel\/UC5_t1C5xO9AloWjY4o5ob_Q\",\"https:\/\/facebook.com\/france.angels\/\",\"https:\/\/twitter.com\/franceangels\"],\"logo\":{\"@type\":\"ImageObject\",\"inLanguage\":\"en-US\",\"@id\":\"https:\/\/www.franceangels.org\/#\/schema\/logo\/image\/\",\"url\":\"https:\/\/www.franceangels.org\/wp-content\/uploads\/2022\/04\/Logo-France-Angels.png\",\"contentUrl\":\"https:\/\/www.franceangels.org\/wp-content\/uploads\/2022\/04\/Logo-France-Angels.png\",\"width\":4033,\"height\":1173,\"caption\":\"France Angels\"},\"image\":{\"@id\":\"https:\/\/www.franceangels.org\/#\/schema\/logo\/image\/\"}},{\"@type\":\"Person\",\"@id\":\"https:\/\/www.franceangels.org\/#\/schema\/person\/23bc1670ad5f0f132d0c3610b1ad2b59\",\"name\":\"France Angels\",\"image\":{\"@type\":\"ImageObject\",\"inLanguage\":\"en-US\",\"@id\":\"https:\/\/www.franceangels.org\/#\/schema\/person\/image\/\",\"url\":\"https:\/\/secure.gravatar.com\/avatar\/7686aa9e66054004e747510168483db8?s=96&d=mm&r=g\",\"contentUrl\":\"https:\/\/secure.gravatar.com\/avatar\/7686aa9e66054004e747510168483db8?s=96&d=mm&r=g\",\"caption\":\"France Angels\"},\"url\":\"https:\/\/www.franceangels.org\/en\/article\/author\/france-angels\/\"}]}<\/script>\n<!-- \/ Yoast SEO plugin. -->","yoast_head_json":{"title":"France Angels \u00e0 BIG - France Angels","robots":{"index":"index","follow":"follow","max-snippet":"max-snippet:-1","max-image-preview":"max-image-preview:large","max-video-preview":"max-video-preview:-1"},"canonical":"https:\/\/www.franceangels.org\/article\/france-angels-a-big-3\/","og_locale":"en_US","og_type":"article","og_title":"France Angels \u00e0 BIG - France Angels","og_description":"Tout l&#8217;\u00e9quipe de France Angels \u00e9tait \u00e0 nouveau au rendez-vous, le 23 septembre, pour cette nouvelle \u00e9dition de BIG, le grand rassemblement des entrepreneurs en France.","og_url":"https:\/\/www.franceangels.org\/article\/france-angels-a-big-3\/","og_site_name":"France Angels","article_publisher":"https:\/\/facebook.com\/france.angels\/","article_published_time":"2025-09-24T09:36:15+00:00","article_modified_time":"2025-09-29T07:57:13+00:00","og_image":[{"width":1024,"height":505,"url":"https:\/\/www.franceangels.org\/wp-content\/uploads\/2025\/09\/Visuels-articles-10-1024x505.png","type":"image\/png"}],"author":"France Angels","twitter_card":"summary_large_image","twitter_creator":"@franceangels","twitter_site":"@franceangels","twitter_misc":{"Written by":"France Angels","Est. reading time":"1 minute"},"schema":{"@context":"https:\/\/schema.org","@graph":[{"@type":"Article","@id":"https:\/\/www.franceangels.org\/article\/france-angels-a-big-3\/#article","isPartOf":{"@id":"https:\/\/www.franceangels.org\/article\/france-angels-a-big-3\/"},"author":{"name":"France Angels","@id":"https:\/\/www.franceangels.org\/#\/schema\/person\/23bc1670ad5f0f132d0c3610b1ad2b59"},"headline":"France Angels \u00e0 BIG","datePublished":"2025-09-24T09:36:15+00:00","dateModified":"2025-09-29T07:57:13+00:00","mainEntityOfPage":{"@id":"https:\/\/www.franceangels.org\/article\/france-angels-a-big-3\/"},"wordCount":232,"publisher":{"@id":"https:\/\/www.franceangels.org\/#organization"},"keywords":["Business Angels","Collectif","France Angels","R\u00e9seaux de Business Angels"],"articleSection":["France Angels"],"inLanguage":"en-US"},{"@type":"WebPage","@id":"https:\/\/www.franceangels.org\/article\/france-angels-a-big-3\/","url":"https:\/\/www.franceangels.org\/article\/france-angels-a-big-3\/","name":"France Angels \u00e0 BIG - France Angels","isPartOf":{"@id":"https:\/\/www.franceangels.org\/#website"},"datePublished":"2025-09-24T09:36:15+00:00","dateModified":"2025-09-29T07:57:13+00:00","breadcrumb":{"@id":"https:\/\/www.franceangels.org\/article\/france-angels-a-big-3\/#breadcrumb"},"inLanguage":"en-US","potentialAction":[{"@type":"ReadAction","target":["https:\/\/www.franceangels.org\/article\/france-angels-a-big-3\/"]}]},{"@type":"BreadcrumbList","@id":"https:\/\/www.franceangels.org\/article\/france-angels-a-big-3\/#breadcrumb","itemListElement":[{"@type":"ListItem","position":1,"name":"Accueil","item":"https:\/\/www.franceangels.org\/en\/"},{"@type":"ListItem","position":2,"name":"France Angels \u00e0 BIG"}]},{"@type":"WebSite","@id":"https:\/\/www.franceangels.org\/#website","url":"https:\/\/www.franceangels.org\/","name":"France Angels","description":"F\u00e9d\u00e9ration Nationale des Business Angels","publisher":{"@id":"https:\/\/www.franceangels.org\/#organization"},"potentialAction":[{"@type":"SearchAction","target":{"@type":"EntryPoint","urlTemplate":"https:\/\/www.franceangels.org\/?s={search_term_string}"},"query-input":"required name=search_term_string"}],"inLanguage":"en-US"},{"@type":"Organization","@id":"https:\/\/www.franceangels.org\/#organization","name":"France Angels","url":"https:\/\/www.franceangels.org\/","sameAs":["https:\/\/linkedin.com\/company\/france-angels","https:\/\/www.youtube.com\/channel\/UC5_t1C5xO9AloWjY4o5ob_Q","https:\/\/facebook.com\/france.angels\/","https:\/\/twitter.com\/franceangels"],"logo":{"@type":"ImageObject","inLanguage":"en-US","@id":"https:\/\/www.franceangels.org\/#\/schema\/logo\/image\/","url":"https:\/\/www.franceangels.org\/wp-content\/uploads\/2022\/04\/Logo-France-Angels.png","contentUrl":"https:\/\/www.franceangels.org\/wp-content\/uploads\/2022\/04\/Logo-France-Angels.png","width":4033,"height":1173,"caption":"France Angels"},"image":{"@id":"https:\/\/www.franceangels.org\/#\/schema\/logo\/image\/"}},{"@type":"Person","@id":"https:\/\/www.franceangels.org\/#\/schema\/person\/23bc1670ad5f0f132d0c3610b1ad2b59","name":"France Angels","image":{"@type":"ImageObject","inLanguage":"en-US","@id":"https:\/\/www.franceangels.org\/#\/schema\/person\/image\/","url":"https:\/\/secure.gravatar.com\/avatar\/7686aa9e66054004e747510168483db8?s=96&d=mm&r=g","contentUrl":"https:\/\/secure.gravatar.com\/avatar\/7686aa9e66054004e747510168483db8?s=96&d=mm&r=g","caption":"France Angels"},"url":"https:\/\/www.franceangels.org\/en\/article\/author\/france-angels\/"}]}},"_links":{"self":[{"href":"https:\/\/www.franceangels.org\/en\/wp-json\/wp\/v2\/posts\/24614"}],"collection":[{"href":"https:\/\/www.franceangels.org\/en\/wp-json\/wp\/v2\/posts"}],"about":[{"href":"https:\/\/www.franceangels.org\/en\/wp-json\/wp\/v2\/types\/post"}],"author":[{"embeddable":true,"href":"https:\/\/www.franceangels.org\/en\/wp-json\/wp\/v2\/users\/114"}],"replies":[{"embeddable":true,"href":"https:\/\/www.franceangels.org\/en\/wp-json\/wp\/v2\/comments?post=24614"}],"version-history":[{"count":4,"href":"https:\/\/www.franceangels.org\/en\/wp-json\/wp\/v2\/posts\/24614\/revisions"}],"predecessor-version":[{"id":24631,"href":"https:\/\/www.franceangels.org\/en\/wp-json\/wp\/v2\/posts\/24614\/revisions\/24631"}],"wp:featuredmedia":[{"embeddable":true,"href":"https:\/\/www.franceangels.org\/en\/wp-json\/wp\/v2\/media\/24615"}],"wp:attachment":[{"href":"https:\/\/www.franceangels.org\/en\/wp-json\/wp\/v2\/media?parent=24614"}],"wp:term":[{"taxonomy":"category","embeddable":true,"href":"https:\/\/www.franceangels.org\/en\/wp-json\/wp\/v2\/categories?post=24614"},{"taxonomy":"post_tag","embeddable":true,"href":"https:\/\/www.franceangels.org\/en\/wp-json\/wp\/v2\/tags?post=24614"}],"curies":[{"name":"wp","href":"https:\/\/api.w.org\/{rel}","templated":true}]}}