{"id":24648,"date":"2025-09-29T17:51:09","date_gmt":"2025-09-29T15:51:09","guid":{"rendered":"https:\/\/www.franceangels.org\/?p=24648"},"modified":"2025-09-30T12:52:37","modified_gmt":"2025-09-30T10:52:37","slug":"edito-septembre-2025-resilience-et-mobilisation-collective-pour-lamorcage%ef%bf%bc","status":"publish","type":"post","link":"https:\/\/www.franceangels.org\/en\/article\/edito-septembre-2025-resilience-et-mobilisation-collective-pour-lamorcage%ef%bf%bc\/","title":{"rendered":"\u00c9dito Septembre 2025 : R\u00e9silience et mobilisation collective pour l&#8217;amo\u00e7arge"},"content":{"rendered":"\n<p>La contraction des investissements en capital-risque au premier semestre 2025 combin\u00e9 \u00e0&nbsp;un&nbsp;contexte actuel d\u2019instabilit\u00e9 politique cr\u00e9e un environnement incertain pour le financement de l\u2019innovation. Dans ce paysage fragilis\u00e9, l\u2019early-stage ne tient aujourd\u2019hui que gr\u00e2ce \u00e0 la mobilisation de l\u2019activit\u00e9 des Business Angels. Retrouvez le&nbsp;<a href=\"https:\/\/mailchi.mp\/8a2a2edc1299\/webinar-france-angels-blockpulse-spv-15121011?e=%5bUNIQID%5d\" target=\"_blank\" rel=\"noreferrer noopener\">barom\u00e8tre des lev\u00e9es de fonds du 1<sup>er<\/sup>&nbsp;semestre 2025<\/a>&nbsp;r\u00e9alis\u00e9 par notre partenaire,&nbsp;<a href=\"https:\/\/www.inextenso-innovation.fr\/\" target=\"_blank\" rel=\"noreferrer noopener\">In Extenso Innovation Croissance<\/a>&nbsp;illustrant ses propos.<\/p>\n\n\n\n<!--more-->\n\n\n\n<p>Les chiffres communiqu\u00e9s pour le premier semestre par nos r\u00e9seaux membres de&nbsp;<a href=\"https:\/\/www.franceangels.org\/\" target=\"_blank\" rel=\"noreferrer noopener\">France Angels<\/a>&nbsp;en t\u00e9moignent&nbsp;: malgr\u00e9 les tensions, les Business Angels ont fait preuve de r\u00e9silience, avec un niveau d\u2019investissement au moins \u00e9quivalent \u00e0 celui observ\u00e9 au premier semestre 2024. Ce dynamisme, au c\u0153ur de notre f\u00e9d\u00e9ration, souligne une r\u00e9alit\u00e9 simple : sans les Business Angels, l\u2019innovation fran\u00e7aise souffrirait cruellement au d\u00e9but de son histoire.<\/p>\n\n\n\n<p>Mais il serait risqu\u00e9 de nous contenter de cette situation. Assurer un continuum de financement, de l\u2019amor\u00e7age \u00e0 l\u2019industrialisation, est une urgence nationale. Pour y parvenir, toutes les forces doivent s\u2019unir et mobiliser leur intelligence collective. Lire sur ce sujet l\u2019intervention de France Angels, et de deux r\u00e9seaux membres de la F\u00e9d\u00e9ration,&nbsp;<a href=\"https:\/\/www.parisbusinessangels.com\/\" target=\"_blank\" rel=\"noreferrer noopener\">Paris Business Angels<\/a>&nbsp;et&nbsp;<a href=\"https:\/\/provenceangels.com\/\" target=\"_blank\" rel=\"noreferrer noopener\">Provence Angels<\/a>&nbsp;sur&nbsp;<a href=\"https:\/\/www.maddyness.com\/2025\/09\/15\/investissement-pourquoi-la-liquidation-preferentielle-pose-probleme\/\" target=\"_blank\" rel=\"noreferrer noopener\">Maddyness<\/a>. C\u2019est pr\u00e9cis\u00e9ment l\u2019ambition que porte France Angels : devenir la f\u00e9d\u00e9ration de r\u00e9f\u00e9rence des investisseurs en amor\u00e7age.&nbsp;<\/p>\n\n\n\n<p>D\u00e8s cet automne, notre ambition se concr\u00e9tise avec l\u2019organisation de&nbsp;<a href=\"https:\/\/luma.com\/b4z1t9cr\">Beyond Capital<\/a>, le 18 novembre \u00e0 Paris. V\u00e9ritable point de convergence des acteurs de l\u2019amor\u00e7age et de l\u2019innovation, cet \u00e9v\u00e9nement mettra en lumi\u00e8re l\u2019engagement de nos r\u00e9seaux sur tout le territoire et ouvrira la 20\u1d49&nbsp;\u00e9dition de la Semaine des Business Angels.<\/p>\n\n\n\n<p>France Angels a r\u00e9cemment r\u00e9affirm\u00e9 sa pr\u00e9sence au c\u0153ur de l\u2019\u00e9cosyst\u00e8me en participant \u00e0&nbsp;<a href=\"https:\/\/big.bpifrance.fr\/\" target=\"_blank\" rel=\"noreferrer noopener\">BIG<\/a>, aux c\u00f4t\u00e9s du Collectif&nbsp;<a href=\"https:\/\/www.capcrea.com\/\" target=\"_blank\" rel=\"noreferrer noopener\">Cap Cr\u00e9a<\/a>, pour promouvoir l\u2019acc\u00e8s \u00e0 l\u2019entrepreneuriat au service de l\u2019\u00e9conomie, de l\u2019emploi et des grands enjeux soci\u00e9taux, et en co-organisant BIG Angels Day avec&nbsp;<a href=\"https:\/\/www.bpifrance.fr\/\" target=\"_blank\" rel=\"noreferrer noopener\">Bpifrance<\/a>,&nbsp;<a href=\"https:\/\/www.euroquity.com\/fr\/accueil-societes\" target=\"_blank\" rel=\"noreferrer noopener\">Euroquity<\/a>&nbsp;et&nbsp;<a href=\"https:\/\/www.businessangelseurope.com\/\" target=\"_blank\" rel=\"noreferrer noopener\">BAE<\/a>&nbsp;(Business Angels Europe), pour explorer les opportunit\u00e9s d\u2019investissement transfrontali\u00e8res et \u00e9changer sur les orientations g\u00e9ographiques et sectorielles en termes d\u2019investissements. A cette occasion, France Angels et la F\u00e9d\u00e9ration Italienne&nbsp;<a href=\"https:\/\/www.iban.it\/\" target=\"_blank\" rel=\"noreferrer noopener\">IBAN<\/a>&nbsp;(Italian Business Angels Network) ont sign\u00e9 un accord de partenariat pour d\u00e9velopper leurs \u00e9changes.<\/p>\n\n\n\n<p>D\u00e9j\u00e0 110 personnes inscrites \u00e0 Beyond Capital, nous vous attendons nombreuses et nombreux&nbsp;! Nous serons ravis de participer aux \u00e9v\u00e9nements que vous organiserez dans le cadre de la Semaine des Business Angels.&nbsp;<\/p>\n\n\n\n<p>Ensemble, affirmons notre r\u00f4le essentiel pour que l\u2019innovation fran\u00e7aise trouve les moyens de grandir et de rayonner.<\/p>\n\n\n\n<p>Cordialement,<\/p>\n\n\n\n<p>Alain Pujol et Philippe Rase,<\/p>\n\n\n\n<p>Co-Pr\u00e9sidents de France Angels<\/p>\n","protected":false},"excerpt":{"rendered":"<p>La contraction des investissements en capital-risque au premier semestre 2025 combin\u00e9 \u00e0&nbsp;un&nbsp;contexte actuel d\u2019instabilit\u00e9 politique cr\u00e9e un environnement incertain pour le financement de l\u2019innovation. Dans ce paysage fragilis\u00e9, l\u2019early-stage ne tient aujourd\u2019hui que gr\u00e2ce \u00e0 la mobilisation de l\u2019activit\u00e9 des Business Angels. Retrouvez le&nbsp;barom\u00e8tre des lev\u00e9es de fonds du 1er&nbsp;semestre 2025&nbsp;r\u00e9alis\u00e9 par notre partenaire,&nbsp;In Extenso&hellip;<\/p>\n","protected":false},"author":4,"featured_media":24649,"comment_status":"closed","ping_status":"open","sticky":false,"template":"","format":"standard","meta":{"inline_featured_image":false},"categories":[90,58],"tags":[1623,78],"yoast_head":"<!-- This site is optimized with the Yoast SEO plugin v19.7.2 - https:\/\/yoast.com\/wordpress\/plugins\/seo\/ -->\n<title>\u00c9dito Septembre 2025 : R\u00e9silience et mobilisation collective pour l&#039;amo\u00e7arge - France Angels<\/title>\n<meta name=\"robots\" content=\"index, follow, max-snippet:-1, max-image-preview:large, max-video-preview:-1\" \/>\n<link rel=\"canonical\" href=\"https:\/\/www.franceangels.org\/article\/edito-septembre-2025-resilience-et-mobilisation-collective-pour-lamorcage\ufffc\/\" \/>\n<meta property=\"og:locale\" content=\"en_US\" \/>\n<meta property=\"og:type\" content=\"article\" \/>\n<meta property=\"og:title\" content=\"\u00c9dito Septembre 2025 : R\u00e9silience et mobilisation collective pour l&#039;amo\u00e7arge - France Angels\" \/>\n<meta property=\"og:description\" content=\"La contraction des investissements en capital-risque au premier semestre 2025 combin\u00e9 \u00e0&nbsp;un&nbsp;contexte actuel d\u2019instabilit\u00e9 politique cr\u00e9e un environnement incertain pour le financement de l\u2019innovation. Dans ce paysage fragilis\u00e9, l\u2019early-stage ne tient aujourd\u2019hui que gr\u00e2ce \u00e0 la mobilisation de l\u2019activit\u00e9 des Business Angels. Retrouvez le&nbsp;barom\u00e8tre des lev\u00e9es de fonds du 1er&nbsp;semestre 2025&nbsp;r\u00e9alis\u00e9 par notre partenaire,&nbsp;In Extenso&hellip;\" \/>\n<meta property=\"og:url\" content=\"https:\/\/www.franceangels.org\/article\/edito-septembre-2025-resilience-et-mobilisation-collective-pour-lamorcage\ufffc\/\" \/>\n<meta property=\"og:site_name\" content=\"France Angels\" \/>\n<meta property=\"article:publisher\" content=\"https:\/\/facebook.com\/france.angels\/\" \/>\n<meta property=\"article:published_time\" content=\"2025-09-29T15:51:09+00:00\" \/>\n<meta property=\"article:modified_time\" content=\"2025-09-30T10:52:37+00:00\" \/>\n<meta property=\"og:image\" content=\"https:\/\/www.franceangels.org\/wp-content\/uploads\/2025\/09\/Visuels-articles-12.png\" \/>\n\t<meta property=\"og:image:width\" content=\"1633\" \/>\n\t<meta property=\"og:image:height\" content=\"805\" \/>\n\t<meta property=\"og:image:type\" content=\"image\/png\" \/>\n<meta name=\"author\" content=\"sylvain Godard\" \/>\n<meta name=\"twitter:card\" content=\"summary_large_image\" \/>\n<meta name=\"twitter:creator\" content=\"@franceangels\" \/>\n<meta name=\"twitter:site\" content=\"@franceangels\" \/>\n<meta name=\"twitter:label1\" content=\"Written by\" \/>\n\t<meta name=\"twitter:data1\" content=\"sylvain Godard\" \/>\n\t<meta name=\"twitter:label2\" content=\"Est. reading time\" \/>\n\t<meta name=\"twitter:data2\" content=\"3 minutes\" \/>\n<script type=\"application\/ld+json\" class=\"yoast-schema-graph\">{\"@context\":\"https:\/\/schema.org\",\"@graph\":[{\"@type\":\"Article\",\"@id\":\"https:\/\/www.franceangels.org\/article\/edito-septembre-2025-resilience-et-mobilisation-collective-pour-lamorcage%ef%bf%bc\/#article\",\"isPartOf\":{\"@id\":\"https:\/\/www.franceangels.org\/article\/edito-septembre-2025-resilience-et-mobilisation-collective-pour-lamorcage%ef%bf%bc\/\"},\"author\":{\"name\":\"sylvain Godard\",\"@id\":\"https:\/\/www.franceangels.org\/#\/schema\/person\/648593124b8eaf770f4db2940aaecf95\"},\"headline\":\"\u00c9dito Septembre 2025 : R\u00e9silience et mobilisation collective pour l&#8217;amo\u00e7arge\",\"datePublished\":\"2025-09-29T15:51:09+00:00\",\"dateModified\":\"2025-09-30T10:52:37+00:00\",\"mainEntityOfPage\":{\"@id\":\"https:\/\/www.franceangels.org\/article\/edito-septembre-2025-resilience-et-mobilisation-collective-pour-lamorcage%ef%bf%bc\/\"},\"wordCount\":514,\"publisher\":{\"@id\":\"https:\/\/www.franceangels.org\/#organization\"},\"keywords\":[\"Edito\",\"France Angels\"],\"articleSection\":[\"Edito\",\"France Angels\"],\"inLanguage\":\"en-US\"},{\"@type\":\"WebPage\",\"@id\":\"https:\/\/www.franceangels.org\/article\/edito-septembre-2025-resilience-et-mobilisation-collective-pour-lamorcage%ef%bf%bc\/\",\"url\":\"https:\/\/www.franceangels.org\/article\/edito-septembre-2025-resilience-et-mobilisation-collective-pour-lamorcage%ef%bf%bc\/\",\"name\":\"\u00c9dito Septembre 2025 : R\u00e9silience et mobilisation collective pour l'amo\u00e7arge - France Angels\",\"isPartOf\":{\"@id\":\"https:\/\/www.franceangels.org\/#website\"},\"datePublished\":\"2025-09-29T15:51:09+00:00\",\"dateModified\":\"2025-09-30T10:52:37+00:00\",\"breadcrumb\":{\"@id\":\"https:\/\/www.franceangels.org\/article\/edito-septembre-2025-resilience-et-mobilisation-collective-pour-lamorcage%ef%bf%bc\/#breadcrumb\"},\"inLanguage\":\"en-US\",\"potentialAction\":[{\"@type\":\"ReadAction\",\"target\":[\"https:\/\/www.franceangels.org\/article\/edito-septembre-2025-resilience-et-mobilisation-collective-pour-lamorcage%ef%bf%bc\/\"]}]},{\"@type\":\"BreadcrumbList\",\"@id\":\"https:\/\/www.franceangels.org\/article\/edito-septembre-2025-resilience-et-mobilisation-collective-pour-lamorcage%ef%bf%bc\/#breadcrumb\",\"itemListElement\":[{\"@type\":\"ListItem\",\"position\":1,\"name\":\"Accueil\",\"item\":\"https:\/\/www.franceangels.org\/en\/\"},{\"@type\":\"ListItem\",\"position\":2,\"name\":\"\u00c9dito Septembre 2025 : R\u00e9silience et mobilisation collective pour l&#8217;amo\u00e7arge\"}]},{\"@type\":\"WebSite\",\"@id\":\"https:\/\/www.franceangels.org\/#website\",\"url\":\"https:\/\/www.franceangels.org\/\",\"name\":\"France Angels\",\"description\":\"F\u00e9d\u00e9ration Nationale des Business Angels\",\"publisher\":{\"@id\":\"https:\/\/www.franceangels.org\/#organization\"},\"potentialAction\":[{\"@type\":\"SearchAction\",\"target\":{\"@type\":\"EntryPoint\",\"urlTemplate\":\"https:\/\/www.franceangels.org\/?s={search_term_string}\"},\"query-input\":\"required name=search_term_string\"}],\"inLanguage\":\"en-US\"},{\"@type\":\"Organization\",\"@id\":\"https:\/\/www.franceangels.org\/#organization\",\"name\":\"France Angels\",\"url\":\"https:\/\/www.franceangels.org\/\",\"sameAs\":[\"https:\/\/linkedin.com\/company\/france-angels\",\"https:\/\/www.youtube.com\/channel\/UC5_t1C5xO9AloWjY4o5ob_Q\",\"https:\/\/facebook.com\/france.angels\/\",\"https:\/\/twitter.com\/franceangels\"],\"logo\":{\"@type\":\"ImageObject\",\"inLanguage\":\"en-US\",\"@id\":\"https:\/\/www.franceangels.org\/#\/schema\/logo\/image\/\",\"url\":\"https:\/\/www.franceangels.org\/wp-content\/uploads\/2022\/04\/Logo-France-Angels.png\",\"contentUrl\":\"https:\/\/www.franceangels.org\/wp-content\/uploads\/2022\/04\/Logo-France-Angels.png\",\"width\":4033,\"height\":1173,\"caption\":\"France Angels\"},\"image\":{\"@id\":\"https:\/\/www.franceangels.org\/#\/schema\/logo\/image\/\"}},{\"@type\":\"Person\",\"@id\":\"https:\/\/www.franceangels.org\/#\/schema\/person\/648593124b8eaf770f4db2940aaecf95\",\"name\":\"sylvain Godard\",\"image\":{\"@type\":\"ImageObject\",\"inLanguage\":\"en-US\",\"@id\":\"https:\/\/www.franceangels.org\/#\/schema\/person\/image\/\",\"url\":\"https:\/\/secure.gravatar.com\/avatar\/2bb9340986389ead632115f9464a0502?s=96&d=mm&r=g\",\"contentUrl\":\"https:\/\/secure.gravatar.com\/avatar\/2bb9340986389ead632115f9464a0502?s=96&d=mm&r=g\",\"caption\":\"sylvain Godard\"},\"sameAs\":[\"http:\/\/www.franceangels.com\"],\"url\":\"https:\/\/www.franceangels.org\/en\/article\/author\/sylvainfranceangels-org\/\"}]}<\/script>\n<!-- \/ Yoast SEO plugin. -->","yoast_head_json":{"title":"\u00c9dito Septembre 2025 : R\u00e9silience et mobilisation collective pour l'amo\u00e7arge - France Angels","robots":{"index":"index","follow":"follow","max-snippet":"max-snippet:-1","max-image-preview":"max-image-preview:large","max-video-preview":"max-video-preview:-1"},"canonical":"https:\/\/www.franceangels.org\/article\/edito-septembre-2025-resilience-et-mobilisation-collective-pour-lamorcage\ufffc\/","og_locale":"en_US","og_type":"article","og_title":"\u00c9dito Septembre 2025 : R\u00e9silience et mobilisation collective pour l'amo\u00e7arge - France Angels","og_description":"La contraction des investissements en capital-risque au premier semestre 2025 combin\u00e9 \u00e0&nbsp;un&nbsp;contexte actuel d\u2019instabilit\u00e9 politique cr\u00e9e un environnement incertain pour le financement de l\u2019innovation. Dans ce paysage fragilis\u00e9, l\u2019early-stage ne tient aujourd\u2019hui que gr\u00e2ce \u00e0 la mobilisation de l\u2019activit\u00e9 des Business Angels. Retrouvez le&nbsp;barom\u00e8tre des lev\u00e9es de fonds du 1er&nbsp;semestre 2025&nbsp;r\u00e9alis\u00e9 par notre partenaire,&nbsp;In Extenso&hellip;","og_url":"https:\/\/www.franceangels.org\/article\/edito-septembre-2025-resilience-et-mobilisation-collective-pour-lamorcage\ufffc\/","og_site_name":"France Angels","article_publisher":"https:\/\/facebook.com\/france.angels\/","article_published_time":"2025-09-29T15:51:09+00:00","article_modified_time":"2025-09-30T10:52:37+00:00","og_image":[{"width":1633,"height":805,"url":"https:\/\/www.franceangels.org\/wp-content\/uploads\/2025\/09\/Visuels-articles-12.png","type":"image\/png"}],"author":"sylvain Godard","twitter_card":"summary_large_image","twitter_creator":"@franceangels","twitter_site":"@franceangels","twitter_misc":{"Written by":"sylvain Godard","Est. reading time":"3 minutes"},"schema":{"@context":"https:\/\/schema.org","@graph":[{"@type":"Article","@id":"https:\/\/www.franceangels.org\/article\/edito-septembre-2025-resilience-et-mobilisation-collective-pour-lamorcage%ef%bf%bc\/#article","isPartOf":{"@id":"https:\/\/www.franceangels.org\/article\/edito-septembre-2025-resilience-et-mobilisation-collective-pour-lamorcage%ef%bf%bc\/"},"author":{"name":"sylvain Godard","@id":"https:\/\/www.franceangels.org\/#\/schema\/person\/648593124b8eaf770f4db2940aaecf95"},"headline":"\u00c9dito Septembre 2025 : R\u00e9silience et mobilisation collective pour l&#8217;amo\u00e7arge","datePublished":"2025-09-29T15:51:09+00:00","dateModified":"2025-09-30T10:52:37+00:00","mainEntityOfPage":{"@id":"https:\/\/www.franceangels.org\/article\/edito-septembre-2025-resilience-et-mobilisation-collective-pour-lamorcage%ef%bf%bc\/"},"wordCount":514,"publisher":{"@id":"https:\/\/www.franceangels.org\/#organization"},"keywords":["Edito","France Angels"],"articleSection":["Edito","France Angels"],"inLanguage":"en-US"},{"@type":"WebPage","@id":"https:\/\/www.franceangels.org\/article\/edito-septembre-2025-resilience-et-mobilisation-collective-pour-lamorcage%ef%bf%bc\/","url":"https:\/\/www.franceangels.org\/article\/edito-septembre-2025-resilience-et-mobilisation-collective-pour-lamorcage%ef%bf%bc\/","name":"\u00c9dito Septembre 2025 : R\u00e9silience et mobilisation collective pour l'amo\u00e7arge - France Angels","isPartOf":{"@id":"https:\/\/www.franceangels.org\/#website"},"datePublished":"2025-09-29T15:51:09+00:00","dateModified":"2025-09-30T10:52:37+00:00","breadcrumb":{"@id":"https:\/\/www.franceangels.org\/article\/edito-septembre-2025-resilience-et-mobilisation-collective-pour-lamorcage%ef%bf%bc\/#breadcrumb"},"inLanguage":"en-US","potentialAction":[{"@type":"ReadAction","target":["https:\/\/www.franceangels.org\/article\/edito-septembre-2025-resilience-et-mobilisation-collective-pour-lamorcage%ef%bf%bc\/"]}]},{"@type":"BreadcrumbList","@id":"https:\/\/www.franceangels.org\/article\/edito-septembre-2025-resilience-et-mobilisation-collective-pour-lamorcage%ef%bf%bc\/#breadcrumb","itemListElement":[{"@type":"ListItem","position":1,"name":"Accueil","item":"https:\/\/www.franceangels.org\/en\/"},{"@type":"ListItem","position":2,"name":"\u00c9dito Septembre 2025 : R\u00e9silience et mobilisation collective pour l&#8217;amo\u00e7arge"}]},{"@type":"WebSite","@id":"https:\/\/www.franceangels.org\/#website","url":"https:\/\/www.franceangels.org\/","name":"France Angels","description":"F\u00e9d\u00e9ration Nationale des Business Angels","publisher":{"@id":"https:\/\/www.franceangels.org\/#organization"},"potentialAction":[{"@type":"SearchAction","target":{"@type":"EntryPoint","urlTemplate":"https:\/\/www.franceangels.org\/?s={search_term_string}"},"query-input":"required name=search_term_string"}],"inLanguage":"en-US"},{"@type":"Organization","@id":"https:\/\/www.franceangels.org\/#organization","name":"France Angels","url":"https:\/\/www.franceangels.org\/","sameAs":["https:\/\/linkedin.com\/company\/france-angels","https:\/\/www.youtube.com\/channel\/UC5_t1C5xO9AloWjY4o5ob_Q","https:\/\/facebook.com\/france.angels\/","https:\/\/twitter.com\/franceangels"],"logo":{"@type":"ImageObject","inLanguage":"en-US","@id":"https:\/\/www.franceangels.org\/#\/schema\/logo\/image\/","url":"https:\/\/www.franceangels.org\/wp-content\/uploads\/2022\/04\/Logo-France-Angels.png","contentUrl":"https:\/\/www.franceangels.org\/wp-content\/uploads\/2022\/04\/Logo-France-Angels.png","width":4033,"height":1173,"caption":"France Angels"},"image":{"@id":"https:\/\/www.franceangels.org\/#\/schema\/logo\/image\/"}},{"@type":"Person","@id":"https:\/\/www.franceangels.org\/#\/schema\/person\/648593124b8eaf770f4db2940aaecf95","name":"sylvain Godard","image":{"@type":"ImageObject","inLanguage":"en-US","@id":"https:\/\/www.franceangels.org\/#\/schema\/person\/image\/","url":"https:\/\/secure.gravatar.com\/avatar\/2bb9340986389ead632115f9464a0502?s=96&d=mm&r=g","contentUrl":"https:\/\/secure.gravatar.com\/avatar\/2bb9340986389ead632115f9464a0502?s=96&d=mm&r=g","caption":"sylvain Godard"},"sameAs":["http:\/\/www.franceangels.com"],"url":"https:\/\/www.franceangels.org\/en\/article\/author\/sylvainfranceangels-org\/"}]}},"_links":{"self":[{"href":"https:\/\/www.franceangels.org\/en\/wp-json\/wp\/v2\/posts\/24648"}],"collection":[{"href":"https:\/\/www.franceangels.org\/en\/wp-json\/wp\/v2\/posts"}],"about":[{"href":"https:\/\/www.franceangels.org\/en\/wp-json\/wp\/v2\/types\/post"}],"author":[{"embeddable":true,"href":"https:\/\/www.franceangels.org\/en\/wp-json\/wp\/v2\/users\/4"}],"replies":[{"embeddable":true,"href":"https:\/\/www.franceangels.org\/en\/wp-json\/wp\/v2\/comments?post=24648"}],"version-history":[{"count":2,"href":"https:\/\/www.franceangels.org\/en\/wp-json\/wp\/v2\/posts\/24648\/revisions"}],"predecessor-version":[{"id":24653,"href":"https:\/\/www.franceangels.org\/en\/wp-json\/wp\/v2\/posts\/24648\/revisions\/24653"}],"wp:featuredmedia":[{"embeddable":true,"href":"https:\/\/www.franceangels.org\/en\/wp-json\/wp\/v2\/media\/24649"}],"wp:attachment":[{"href":"https:\/\/www.franceangels.org\/en\/wp-json\/wp\/v2\/media?parent=24648"}],"wp:term":[{"taxonomy":"category","embeddable":true,"href":"https:\/\/www.franceangels.org\/en\/wp-json\/wp\/v2\/categories?post=24648"},{"taxonomy":"post_tag","embeddable":true,"href":"https:\/\/www.franceangels.org\/en\/wp-json\/wp\/v2\/tags?post=24648"}],"curies":[{"name":"wp","href":"https:\/\/api.w.org\/{rel}","templated":true}]}}