{"id":25011,"date":"2025-12-09T11:43:34","date_gmt":"2025-12-09T10:43:34","guid":{"rendered":"https:\/\/www.franceangels.org\/?p=25011"},"modified":"2025-12-18T16:10:54","modified_gmt":"2025-12-18T15:10:54","slug":"samba-lance-innovalpes-2-en-soutien-aux-startups","status":"publish","type":"post","link":"https:\/\/www.franceangels.org\/en\/article\/samba-lance-innovalpes-2-en-soutien-aux-startups\/","title":{"rendered":"SAMBA lance Innov&#8217;ALPES 2 en soutien aux startups"},"content":{"rendered":"\n<p><strong>Innov\u2019ALPES 2<\/strong> succ\u00e8de \u00e0 un premier v\u00e9hicule&nbsp;: Innov\u2019ALPES, lanc\u00e9&nbsp;en 2023 par <strong><a href=\"https:\/\/samba-investisseurs.fr\" target=\"_blank\" rel=\"noreferrer noopener\">SAMBA<\/a><\/strong> et apportant des fonds propres aux startups innovantes situ\u00e9es sur le sillon Alpin.&nbsp;<\/p>\n\n\n\n<!--more-->\n\n\n\n<p><strong>Innov\u2019ALPES 2<\/strong> propose la m\u00eame philosophie d\u2019outils que son pr\u00e9d\u00e9cesseur \u00e0 savoir <strong>accompagner en fonds propres les startups du territoire <\/strong> <strong>Alpin<\/strong> et avec <strong>une gestion plus professionnelle<\/strong>, sur le mod\u00e8le de Capit\u2019ALPES, le v\u00e9hicule d\u2019investissement de SAMBA pour accompagner les PME du sillon Alpin. <\/p>\n\n\n\n<p>Les investissements du v\u00e9hicule concerneront des<strong> tickets \u00e0 partir de 30 000\u20ac<\/strong>, <strong>dans tous les domaines sauf l\u2019immobilier<\/strong>. La dur\u00e9e de vie d\u2019Innov\u2019ALPES 2 sera de 10 ans, b\u00e9n\u00e9ficiant de l\u2019article 150-O Bter, permettant le r\u00e9emploi de plus-values. Le v\u00e9hicule regroupera les investisseurs de proximit\u00e9 aussi adh\u00e9rents de SAMBA qui ont souhait\u00e9 souscrire \u00e0 Innov\u2019ALPES 2.<\/p>\n\n\n\n<p><strong>Le processus d\u2019investissement s\u2019articule en quatre \u00e9tapes<\/strong> : la r\u00e9ception des projets, l&#8217;instruction par les business angels, la d\u00e9cision du Comit\u00e9 d\u2019Investissement, puis le vote final des associ\u00e9s r\u00e9unis en Assembl\u00e9e G\u00e9n\u00e9rale. <strong>La gouvernance repose sur une implication directe des associ\u00e9s<\/strong>, <strong>qui d\u00e9tiennent la d\u00e9cision finale d\u2019investissement<\/strong>. Les souscripteurs s\u2019engagent \u00e0 respecter une charte de d\u00e9ontologie et \u00e0 participer \u00e0 un club d\u2019investisseurs de proximit\u00e9. Enfin, le droit de vote est exerc\u00e9 en proportion du capital d\u00e9tenu, garantissant une repr\u00e9sentation \u00e9quitable des parties prenantes.<\/p>\n\n\n\n<p><strong>Les soci\u00e9t\u00e9s accompagn\u00e9es seront des startups validant les crit\u00e8res suivants&nbsp;:&nbsp;<\/strong><\/p>\n\n\n\n<ul><li>Si\u00e8ge social dans le Sillon Alpin et volont\u00e9 des cr\u00e9er des emplois locaux,<\/li><li>Avoir r\u00e9alis\u00e9 son PoC (preuve de concept) et g\u00e9n\u00e9rer de la traction commerciale,<\/li><li>Activit\u00e9 innovante avec un besoin de financement d\u2019au moins 100 000\u20ac en capital.<\/li><\/ul>\n\n\n\n<p>Innov\u2019ALPES 2 est un <strong>outil d\u2019investissement au service de l\u2019innovation<\/strong>, permettant de<strong> donner du sens \u00e0 son \u00e9pargne tout en contribuant au d\u00e9veloppement du territoire<\/strong>. Dans la continuit\u00e9 d\u2019Innov\u2019ALPES, qui a accompagn\u00e9 11 soci\u00e9t\u00e9s pour un total de 733 000 \u20ac investis, g\u00e9n\u00e9r\u00e9 plus de 30 emplois et atteint un chiffre d\u2019affaires cumul\u00e9 de 5,5 M\u20ac en 2024. <strong>Innov\u2019ALPES 2 ambitionne de poursuivre cette trajectoire prometteuse<\/strong>.<\/p>\n","protected":false},"excerpt":{"rendered":"<p>Innov\u2019ALPES 2 succ\u00e8de \u00e0 un premier v\u00e9hicule&nbsp;: Innov\u2019ALPES, lanc\u00e9&nbsp;en 2023 par SAMBA et apportant des fonds propres aux startups innovantes situ\u00e9es sur le sillon Alpin.&nbsp;<\/p>\n","protected":false},"author":114,"featured_media":25189,"comment_status":"closed","ping_status":"open","sticky":false,"template":"","format":"standard","meta":{"inline_featured_image":false},"categories":[173,82],"tags":[63,1696,1695,76,716],"yoast_head":"<!-- This site is optimized with the Yoast SEO plugin v19.7.2 - https:\/\/yoast.com\/wordpress\/plugins\/seo\/ -->\n<title>SAMBA lance Innov&#039;ALPES 2 en soutien aux startups - France Angels<\/title>\n<meta name=\"robots\" content=\"index, follow, max-snippet:-1, max-image-preview:large, max-video-preview:-1\" \/>\n<link rel=\"canonical\" href=\"https:\/\/www.franceangels.org\/article\/samba-lance-innovalpes-2-en-soutien-aux-startups\/\" \/>\n<meta property=\"og:locale\" content=\"en_US\" \/>\n<meta property=\"og:type\" content=\"article\" \/>\n<meta property=\"og:title\" content=\"SAMBA lance Innov&#039;ALPES 2 en soutien aux startups - France Angels\" \/>\n<meta property=\"og:description\" content=\"Innov\u2019ALPES 2 succ\u00e8de \u00e0 un premier v\u00e9hicule&nbsp;: Innov\u2019ALPES, lanc\u00e9&nbsp;en 2023 par SAMBA et apportant des fonds propres aux startups innovantes situ\u00e9es sur le sillon Alpin.&nbsp;\" \/>\n<meta property=\"og:url\" content=\"https:\/\/www.franceangels.org\/article\/samba-lance-innovalpes-2-en-soutien-aux-startups\/\" \/>\n<meta property=\"og:site_name\" content=\"France Angels\" \/>\n<meta property=\"article:publisher\" content=\"https:\/\/facebook.com\/france.angels\/\" \/>\n<meta property=\"article:published_time\" content=\"2025-12-09T10:43:34+00:00\" \/>\n<meta property=\"article:modified_time\" content=\"2025-12-18T15:10:54+00:00\" \/>\n<meta property=\"og:image\" content=\"https:\/\/www.franceangels.org\/wp-content\/uploads\/2025\/12\/Visuels-articles-5-1.png\" \/>\n\t<meta property=\"og:image:width\" content=\"1633\" \/>\n\t<meta property=\"og:image:height\" content=\"805\" \/>\n\t<meta property=\"og:image:type\" content=\"image\/png\" \/>\n<meta name=\"author\" content=\"France Angels\" \/>\n<meta name=\"twitter:card\" content=\"summary_large_image\" \/>\n<meta name=\"twitter:creator\" content=\"@franceangels\" \/>\n<meta name=\"twitter:site\" content=\"@franceangels\" \/>\n<meta name=\"twitter:label1\" content=\"Written by\" \/>\n\t<meta name=\"twitter:data1\" content=\"France Angels\" \/>\n\t<meta name=\"twitter:label2\" content=\"Est. reading time\" \/>\n\t<meta name=\"twitter:data2\" content=\"2 minutes\" \/>\n<script type=\"application\/ld+json\" class=\"yoast-schema-graph\">{\"@context\":\"https:\/\/schema.org\",\"@graph\":[{\"@type\":\"Article\",\"@id\":\"https:\/\/www.franceangels.org\/article\/samba-lance-innovalpes-2-en-soutien-aux-startups\/#article\",\"isPartOf\":{\"@id\":\"https:\/\/www.franceangels.org\/article\/samba-lance-innovalpes-2-en-soutien-aux-startups\/\"},\"author\":{\"name\":\"France Angels\",\"@id\":\"https:\/\/www.franceangels.org\/#\/schema\/person\/23bc1670ad5f0f132d0c3610b1ad2b59\"},\"headline\":\"SAMBA lance Innov&#8217;ALPES 2 en soutien aux startups\",\"datePublished\":\"2025-12-09T10:43:34+00:00\",\"dateModified\":\"2025-12-18T15:10:54+00:00\",\"mainEntityOfPage\":{\"@id\":\"https:\/\/www.franceangels.org\/article\/samba-lance-innovalpes-2-en-soutien-aux-startups\/\"},\"wordCount\":376,\"publisher\":{\"@id\":\"https:\/\/www.franceangels.org\/#organization\"},\"keywords\":[\"Business Angels\",\"Innov&#039;Alpes\",\"Innov&#039;Alpes 2\",\"R\u00e9seaux de Business Angels\",\"SAMBA\"],\"articleSection\":[\"2025\",\"D\u00e9veloppement\"],\"inLanguage\":\"en-US\"},{\"@type\":\"WebPage\",\"@id\":\"https:\/\/www.franceangels.org\/article\/samba-lance-innovalpes-2-en-soutien-aux-startups\/\",\"url\":\"https:\/\/www.franceangels.org\/article\/samba-lance-innovalpes-2-en-soutien-aux-startups\/\",\"name\":\"SAMBA lance Innov'ALPES 2 en soutien aux startups - France Angels\",\"isPartOf\":{\"@id\":\"https:\/\/www.franceangels.org\/#website\"},\"datePublished\":\"2025-12-09T10:43:34+00:00\",\"dateModified\":\"2025-12-18T15:10:54+00:00\",\"breadcrumb\":{\"@id\":\"https:\/\/www.franceangels.org\/article\/samba-lance-innovalpes-2-en-soutien-aux-startups\/#breadcrumb\"},\"inLanguage\":\"en-US\",\"potentialAction\":[{\"@type\":\"ReadAction\",\"target\":[\"https:\/\/www.franceangels.org\/article\/samba-lance-innovalpes-2-en-soutien-aux-startups\/\"]}]},{\"@type\":\"BreadcrumbList\",\"@id\":\"https:\/\/www.franceangels.org\/article\/samba-lance-innovalpes-2-en-soutien-aux-startups\/#breadcrumb\",\"itemListElement\":[{\"@type\":\"ListItem\",\"position\":1,\"name\":\"Accueil\",\"item\":\"https:\/\/www.franceangels.org\/en\/\"},{\"@type\":\"ListItem\",\"position\":2,\"name\":\"SAMBA lance Innov&#8217;ALPES 2 en soutien aux startups\"}]},{\"@type\":\"WebSite\",\"@id\":\"https:\/\/www.franceangels.org\/#website\",\"url\":\"https:\/\/www.franceangels.org\/\",\"name\":\"France Angels\",\"description\":\"F\u00e9d\u00e9ration Nationale des Business Angels\",\"publisher\":{\"@id\":\"https:\/\/www.franceangels.org\/#organization\"},\"potentialAction\":[{\"@type\":\"SearchAction\",\"target\":{\"@type\":\"EntryPoint\",\"urlTemplate\":\"https:\/\/www.franceangels.org\/?s={search_term_string}\"},\"query-input\":\"required name=search_term_string\"}],\"inLanguage\":\"en-US\"},{\"@type\":\"Organization\",\"@id\":\"https:\/\/www.franceangels.org\/#organization\",\"name\":\"France Angels\",\"url\":\"https:\/\/www.franceangels.org\/\",\"sameAs\":[\"https:\/\/linkedin.com\/company\/france-angels\",\"https:\/\/www.youtube.com\/channel\/UC5_t1C5xO9AloWjY4o5ob_Q\",\"https:\/\/facebook.com\/france.angels\/\",\"https:\/\/twitter.com\/franceangels\"],\"logo\":{\"@type\":\"ImageObject\",\"inLanguage\":\"en-US\",\"@id\":\"https:\/\/www.franceangels.org\/#\/schema\/logo\/image\/\",\"url\":\"https:\/\/www.franceangels.org\/wp-content\/uploads\/2022\/04\/Logo-France-Angels.png\",\"contentUrl\":\"https:\/\/www.franceangels.org\/wp-content\/uploads\/2022\/04\/Logo-France-Angels.png\",\"width\":4033,\"height\":1173,\"caption\":\"France Angels\"},\"image\":{\"@id\":\"https:\/\/www.franceangels.org\/#\/schema\/logo\/image\/\"}},{\"@type\":\"Person\",\"@id\":\"https:\/\/www.franceangels.org\/#\/schema\/person\/23bc1670ad5f0f132d0c3610b1ad2b59\",\"name\":\"France Angels\",\"image\":{\"@type\":\"ImageObject\",\"inLanguage\":\"en-US\",\"@id\":\"https:\/\/www.franceangels.org\/#\/schema\/person\/image\/\",\"url\":\"https:\/\/secure.gravatar.com\/avatar\/7686aa9e66054004e747510168483db8?s=96&d=mm&r=g\",\"contentUrl\":\"https:\/\/secure.gravatar.com\/avatar\/7686aa9e66054004e747510168483db8?s=96&d=mm&r=g\",\"caption\":\"France Angels\"},\"url\":\"https:\/\/www.franceangels.org\/en\/article\/author\/france-angels\/\"}]}<\/script>\n<!-- \/ Yoast SEO plugin. -->","yoast_head_json":{"title":"SAMBA lance Innov'ALPES 2 en soutien aux startups - France Angels","robots":{"index":"index","follow":"follow","max-snippet":"max-snippet:-1","max-image-preview":"max-image-preview:large","max-video-preview":"max-video-preview:-1"},"canonical":"https:\/\/www.franceangels.org\/article\/samba-lance-innovalpes-2-en-soutien-aux-startups\/","og_locale":"en_US","og_type":"article","og_title":"SAMBA lance Innov'ALPES 2 en soutien aux startups - France Angels","og_description":"Innov\u2019ALPES 2 succ\u00e8de \u00e0 un premier v\u00e9hicule&nbsp;: Innov\u2019ALPES, lanc\u00e9&nbsp;en 2023 par SAMBA et apportant des fonds propres aux startups innovantes situ\u00e9es sur le sillon Alpin.&nbsp;","og_url":"https:\/\/www.franceangels.org\/article\/samba-lance-innovalpes-2-en-soutien-aux-startups\/","og_site_name":"France Angels","article_publisher":"https:\/\/facebook.com\/france.angels\/","article_published_time":"2025-12-09T10:43:34+00:00","article_modified_time":"2025-12-18T15:10:54+00:00","og_image":[{"width":1633,"height":805,"url":"https:\/\/www.franceangels.org\/wp-content\/uploads\/2025\/12\/Visuels-articles-5-1.png","type":"image\/png"}],"author":"France Angels","twitter_card":"summary_large_image","twitter_creator":"@franceangels","twitter_site":"@franceangels","twitter_misc":{"Written by":"France Angels","Est. reading time":"2 minutes"},"schema":{"@context":"https:\/\/schema.org","@graph":[{"@type":"Article","@id":"https:\/\/www.franceangels.org\/article\/samba-lance-innovalpes-2-en-soutien-aux-startups\/#article","isPartOf":{"@id":"https:\/\/www.franceangels.org\/article\/samba-lance-innovalpes-2-en-soutien-aux-startups\/"},"author":{"name":"France Angels","@id":"https:\/\/www.franceangels.org\/#\/schema\/person\/23bc1670ad5f0f132d0c3610b1ad2b59"},"headline":"SAMBA lance Innov&#8217;ALPES 2 en soutien aux startups","datePublished":"2025-12-09T10:43:34+00:00","dateModified":"2025-12-18T15:10:54+00:00","mainEntityOfPage":{"@id":"https:\/\/www.franceangels.org\/article\/samba-lance-innovalpes-2-en-soutien-aux-startups\/"},"wordCount":376,"publisher":{"@id":"https:\/\/www.franceangels.org\/#organization"},"keywords":["Business Angels","Innov&#039;Alpes","Innov&#039;Alpes 2","R\u00e9seaux de Business Angels","SAMBA"],"articleSection":["2025","D\u00e9veloppement"],"inLanguage":"en-US"},{"@type":"WebPage","@id":"https:\/\/www.franceangels.org\/article\/samba-lance-innovalpes-2-en-soutien-aux-startups\/","url":"https:\/\/www.franceangels.org\/article\/samba-lance-innovalpes-2-en-soutien-aux-startups\/","name":"SAMBA lance Innov'ALPES 2 en soutien aux startups - France Angels","isPartOf":{"@id":"https:\/\/www.franceangels.org\/#website"},"datePublished":"2025-12-09T10:43:34+00:00","dateModified":"2025-12-18T15:10:54+00:00","breadcrumb":{"@id":"https:\/\/www.franceangels.org\/article\/samba-lance-innovalpes-2-en-soutien-aux-startups\/#breadcrumb"},"inLanguage":"en-US","potentialAction":[{"@type":"ReadAction","target":["https:\/\/www.franceangels.org\/article\/samba-lance-innovalpes-2-en-soutien-aux-startups\/"]}]},{"@type":"BreadcrumbList","@id":"https:\/\/www.franceangels.org\/article\/samba-lance-innovalpes-2-en-soutien-aux-startups\/#breadcrumb","itemListElement":[{"@type":"ListItem","position":1,"name":"Accueil","item":"https:\/\/www.franceangels.org\/en\/"},{"@type":"ListItem","position":2,"name":"SAMBA lance Innov&#8217;ALPES 2 en soutien aux startups"}]},{"@type":"WebSite","@id":"https:\/\/www.franceangels.org\/#website","url":"https:\/\/www.franceangels.org\/","name":"France Angels","description":"F\u00e9d\u00e9ration Nationale des Business Angels","publisher":{"@id":"https:\/\/www.franceangels.org\/#organization"},"potentialAction":[{"@type":"SearchAction","target":{"@type":"EntryPoint","urlTemplate":"https:\/\/www.franceangels.org\/?s={search_term_string}"},"query-input":"required name=search_term_string"}],"inLanguage":"en-US"},{"@type":"Organization","@id":"https:\/\/www.franceangels.org\/#organization","name":"France Angels","url":"https:\/\/www.franceangels.org\/","sameAs":["https:\/\/linkedin.com\/company\/france-angels","https:\/\/www.youtube.com\/channel\/UC5_t1C5xO9AloWjY4o5ob_Q","https:\/\/facebook.com\/france.angels\/","https:\/\/twitter.com\/franceangels"],"logo":{"@type":"ImageObject","inLanguage":"en-US","@id":"https:\/\/www.franceangels.org\/#\/schema\/logo\/image\/","url":"https:\/\/www.franceangels.org\/wp-content\/uploads\/2022\/04\/Logo-France-Angels.png","contentUrl":"https:\/\/www.franceangels.org\/wp-content\/uploads\/2022\/04\/Logo-France-Angels.png","width":4033,"height":1173,"caption":"France Angels"},"image":{"@id":"https:\/\/www.franceangels.org\/#\/schema\/logo\/image\/"}},{"@type":"Person","@id":"https:\/\/www.franceangels.org\/#\/schema\/person\/23bc1670ad5f0f132d0c3610b1ad2b59","name":"France Angels","image":{"@type":"ImageObject","inLanguage":"en-US","@id":"https:\/\/www.franceangels.org\/#\/schema\/person\/image\/","url":"https:\/\/secure.gravatar.com\/avatar\/7686aa9e66054004e747510168483db8?s=96&d=mm&r=g","contentUrl":"https:\/\/secure.gravatar.com\/avatar\/7686aa9e66054004e747510168483db8?s=96&d=mm&r=g","caption":"France Angels"},"url":"https:\/\/www.franceangels.org\/en\/article\/author\/france-angels\/"}]}},"_links":{"self":[{"href":"https:\/\/www.franceangels.org\/en\/wp-json\/wp\/v2\/posts\/25011"}],"collection":[{"href":"https:\/\/www.franceangels.org\/en\/wp-json\/wp\/v2\/posts"}],"about":[{"href":"https:\/\/www.franceangels.org\/en\/wp-json\/wp\/v2\/types\/post"}],"author":[{"embeddable":true,"href":"https:\/\/www.franceangels.org\/en\/wp-json\/wp\/v2\/users\/114"}],"replies":[{"embeddable":true,"href":"https:\/\/www.franceangels.org\/en\/wp-json\/wp\/v2\/comments?post=25011"}],"version-history":[{"count":3,"href":"https:\/\/www.franceangels.org\/en\/wp-json\/wp\/v2\/posts\/25011\/revisions"}],"predecessor-version":[{"id":25191,"href":"https:\/\/www.franceangels.org\/en\/wp-json\/wp\/v2\/posts\/25011\/revisions\/25191"}],"wp:featuredmedia":[{"embeddable":true,"href":"https:\/\/www.franceangels.org\/en\/wp-json\/wp\/v2\/media\/25189"}],"wp:attachment":[{"href":"https:\/\/www.franceangels.org\/en\/wp-json\/wp\/v2\/media?parent=25011"}],"wp:term":[{"taxonomy":"category","embeddable":true,"href":"https:\/\/www.franceangels.org\/en\/wp-json\/wp\/v2\/categories?post=25011"},{"taxonomy":"post_tag","embeddable":true,"href":"https:\/\/www.franceangels.org\/en\/wp-json\/wp\/v2\/tags?post=25011"}],"curies":[{"name":"wp","href":"https:\/\/api.w.org\/{rel}","templated":true}]}}