{"id":25017,"date":"2025-12-09T12:21:34","date_gmt":"2025-12-09T11:21:34","guid":{"rendered":"https:\/\/www.franceangels.org\/?p=25017"},"modified":"2025-12-18T16:32:56","modified_gmt":"2025-12-18T15:32:56","slug":"arts-metiers-business-angels-paca-et-alumni-business-angels-unissent-leurs-forces","status":"publish","type":"post","link":"https:\/\/www.franceangels.org\/en\/article\/arts-metiers-business-angels-paca-et-alumni-business-angels-unissent-leurs-forces\/","title":{"rendered":"Arts &#038; M\u00e9tiers Business Angels PACA et Alumni Business Angels unissent leurs forces"},"content":{"rendered":"\n<p><a href=\"https:\/\/www.am-businessangels.org\" target=\"_blank\" rel=\"noreferrer noopener\"><strong>Arts &amp; M\u00e9tiers Business Angels<\/strong> <strong>PACA<\/strong> <\/a>a accueilli une large majorit\u00e9 des membres du r\u00e9seau <strong><a href=\"https:\/\/www.alumni-ba.com\" target=\"_blank\" rel=\"noreferrer noopener\">Alumni Business Angels<\/a><\/strong>.<\/p>\n\n\n\n<!--more-->\n\n\n\n<p>Au cours de l\u2019ann\u00e9e 2025, les animateurs d\u2019Alumni Business Angels (ABA), sous l\u2019impulsion de leur Pr\u00e9sident <strong><a href=\"https:\/\/www.linkedin.com\/in\/michel-vacher-16824611\/\" target=\"_blank\" rel=\"noreferrer noopener\">Michel Vacher<\/a><\/strong>, ont d\u00e9cid\u00e9 de <strong>rechercher l&#8217;appui d&#8217;un r\u00e9seau capable d\u2019apporter de nouvelles ressources humaines et financi\u00e8res<\/strong>, tout en pr\u00e9servant l\u2019ADN d&#8217;Alumni Business Angels et ses sources de dealflow.<\/p>\n\n\n\n<p>Arts &amp; M\u00e9tiers Business Angels PACA (AMBA PACA) et Alumni Business Angels ont <strong>rapidement trouv\u00e9 un accord et une forte majorit\u00e9 des membres d&#8217;Alumni Business Angels ont rejoint AMBA PACA<\/strong>. Cette nouvelle phase marque une <strong>forte volont\u00e9 de dynamisation<\/strong>, mais aussi de <strong>continuit\u00e9<\/strong>.<\/p>\n\n\n\n<p>Suite \u00e0 cette union, Michel Vacher prend la t\u00eate de la nouvelle D\u00e9l\u00e9gation R\u00e9gionale  AMBA &#8211; SUD EST jusqu\u2019\u00e0 l&#8217;\u00e9t\u00e9 2026, en parfait accord avec Christophe Quincieu, pr\u00e9c\u00e9dent d\u00e9l\u00e9gu\u00e9 r\u00e9gional AMBA PACA. Ainsi la <strong>nouvelle D\u00e9l\u00e9gation R\u00e9gionale PACA &#8211; SUD EST devrait ainsi compter une trentaine de membres<\/strong> d\u00e9but 2026, et constituer une source de dealflow suppl\u00e9mentaire significative pour l\u2019ensemble du r\u00e9seau.<\/p>\n","protected":false},"excerpt":{"rendered":"<p>Arts &amp; M\u00e9tiers Business Angels PACA a accueilli une large majorit\u00e9 des membres du r\u00e9seau Alumni Business Angels.<\/p>\n","protected":false},"author":114,"featured_media":25192,"comment_status":"closed","ping_status":"open","sticky":false,"template":"","format":"standard","meta":{"inline_featured_image":false},"categories":[173,82],"tags":[265,1697,761,63,78,110,76],"yoast_head":"<!-- This site is optimized with the Yoast SEO plugin v19.7.2 - https:\/\/yoast.com\/wordpress\/plugins\/seo\/ -->\n<title>Arts &amp; M\u00e9tiers Business Angels PACA et Alumni Business Angels unissent leurs forces - France Angels<\/title>\n<meta name=\"robots\" content=\"index, follow, max-snippet:-1, max-image-preview:large, max-video-preview:-1\" \/>\n<link rel=\"canonical\" href=\"https:\/\/www.franceangels.org\/article\/arts-metiers-business-angels-paca-et-alumni-business-angels-unissent-leurs-forces\/\" \/>\n<meta property=\"og:locale\" content=\"en_US\" \/>\n<meta property=\"og:type\" content=\"article\" \/>\n<meta property=\"og:title\" content=\"Arts &amp; M\u00e9tiers Business Angels PACA et Alumni Business Angels unissent leurs forces - France Angels\" \/>\n<meta property=\"og:description\" content=\"Arts &amp; M\u00e9tiers Business Angels PACA a accueilli une large majorit\u00e9 des membres du r\u00e9seau Alumni Business Angels.\" \/>\n<meta property=\"og:url\" content=\"https:\/\/www.franceangels.org\/article\/arts-metiers-business-angels-paca-et-alumni-business-angels-unissent-leurs-forces\/\" \/>\n<meta property=\"og:site_name\" content=\"France Angels\" \/>\n<meta property=\"article:publisher\" content=\"https:\/\/facebook.com\/france.angels\/\" \/>\n<meta property=\"article:published_time\" content=\"2025-12-09T11:21:34+00:00\" \/>\n<meta property=\"article:modified_time\" content=\"2025-12-18T15:32:56+00:00\" \/>\n<meta property=\"og:image\" content=\"https:\/\/www.franceangels.org\/wp-content\/uploads\/2025\/12\/Visuels-articles-6-1.png\" \/>\n\t<meta property=\"og:image:width\" content=\"1633\" \/>\n\t<meta property=\"og:image:height\" content=\"805\" \/>\n\t<meta property=\"og:image:type\" content=\"image\/png\" \/>\n<meta name=\"author\" content=\"France Angels\" \/>\n<meta name=\"twitter:card\" content=\"summary_large_image\" \/>\n<meta name=\"twitter:creator\" content=\"@franceangels\" \/>\n<meta name=\"twitter:site\" content=\"@franceangels\" \/>\n<meta name=\"twitter:label1\" content=\"Written by\" \/>\n\t<meta name=\"twitter:data1\" content=\"France Angels\" \/>\n\t<meta name=\"twitter:label2\" content=\"Est. reading time\" \/>\n\t<meta name=\"twitter:data2\" content=\"1 minute\" \/>\n<script type=\"application\/ld+json\" class=\"yoast-schema-graph\">{\"@context\":\"https:\/\/schema.org\",\"@graph\":[{\"@type\":\"Article\",\"@id\":\"https:\/\/www.franceangels.org\/article\/arts-metiers-business-angels-paca-et-alumni-business-angels-unissent-leurs-forces\/#article\",\"isPartOf\":{\"@id\":\"https:\/\/www.franceangels.org\/article\/arts-metiers-business-angels-paca-et-alumni-business-angels-unissent-leurs-forces\/\"},\"author\":{\"name\":\"France Angels\",\"@id\":\"https:\/\/www.franceangels.org\/#\/schema\/person\/23bc1670ad5f0f132d0c3610b1ad2b59\"},\"headline\":\"Arts &#038; M\u00e9tiers Business Angels PACA et Alumni Business Angels unissent leurs forces\",\"datePublished\":\"2025-12-09T11:21:34+00:00\",\"dateModified\":\"2025-12-18T15:32:56+00:00\",\"mainEntityOfPage\":{\"@id\":\"https:\/\/www.franceangels.org\/article\/arts-metiers-business-angels-paca-et-alumni-business-angels-unissent-leurs-forces\/\"},\"wordCount\":208,\"publisher\":{\"@id\":\"https:\/\/www.franceangels.org\/#organization\"},\"keywords\":[\"Alumni Business Angels\",\"AMBA PACA\",\"Arts &amp; M\u00e9tiers Business Angels\",\"Business Angels\",\"France Angels\",\"Partenariat\",\"R\u00e9seaux de Business Angels\"],\"articleSection\":[\"2025\",\"D\u00e9veloppement\"],\"inLanguage\":\"en-US\"},{\"@type\":\"WebPage\",\"@id\":\"https:\/\/www.franceangels.org\/article\/arts-metiers-business-angels-paca-et-alumni-business-angels-unissent-leurs-forces\/\",\"url\":\"https:\/\/www.franceangels.org\/article\/arts-metiers-business-angels-paca-et-alumni-business-angels-unissent-leurs-forces\/\",\"name\":\"Arts & M\u00e9tiers Business Angels PACA et Alumni Business Angels unissent leurs forces - France Angels\",\"isPartOf\":{\"@id\":\"https:\/\/www.franceangels.org\/#website\"},\"datePublished\":\"2025-12-09T11:21:34+00:00\",\"dateModified\":\"2025-12-18T15:32:56+00:00\",\"breadcrumb\":{\"@id\":\"https:\/\/www.franceangels.org\/article\/arts-metiers-business-angels-paca-et-alumni-business-angels-unissent-leurs-forces\/#breadcrumb\"},\"inLanguage\":\"en-US\",\"potentialAction\":[{\"@type\":\"ReadAction\",\"target\":[\"https:\/\/www.franceangels.org\/article\/arts-metiers-business-angels-paca-et-alumni-business-angels-unissent-leurs-forces\/\"]}]},{\"@type\":\"BreadcrumbList\",\"@id\":\"https:\/\/www.franceangels.org\/article\/arts-metiers-business-angels-paca-et-alumni-business-angels-unissent-leurs-forces\/#breadcrumb\",\"itemListElement\":[{\"@type\":\"ListItem\",\"position\":1,\"name\":\"Accueil\",\"item\":\"https:\/\/www.franceangels.org\/en\/\"},{\"@type\":\"ListItem\",\"position\":2,\"name\":\"Arts &#038; M\u00e9tiers Business Angels PACA et Alumni Business Angels unissent leurs forces\"}]},{\"@type\":\"WebSite\",\"@id\":\"https:\/\/www.franceangels.org\/#website\",\"url\":\"https:\/\/www.franceangels.org\/\",\"name\":\"France Angels\",\"description\":\"F\u00e9d\u00e9ration Nationale des Business Angels\",\"publisher\":{\"@id\":\"https:\/\/www.franceangels.org\/#organization\"},\"potentialAction\":[{\"@type\":\"SearchAction\",\"target\":{\"@type\":\"EntryPoint\",\"urlTemplate\":\"https:\/\/www.franceangels.org\/?s={search_term_string}\"},\"query-input\":\"required name=search_term_string\"}],\"inLanguage\":\"en-US\"},{\"@type\":\"Organization\",\"@id\":\"https:\/\/www.franceangels.org\/#organization\",\"name\":\"France Angels\",\"url\":\"https:\/\/www.franceangels.org\/\",\"sameAs\":[\"https:\/\/linkedin.com\/company\/france-angels\",\"https:\/\/www.youtube.com\/channel\/UC5_t1C5xO9AloWjY4o5ob_Q\",\"https:\/\/facebook.com\/france.angels\/\",\"https:\/\/twitter.com\/franceangels\"],\"logo\":{\"@type\":\"ImageObject\",\"inLanguage\":\"en-US\",\"@id\":\"https:\/\/www.franceangels.org\/#\/schema\/logo\/image\/\",\"url\":\"https:\/\/www.franceangels.org\/wp-content\/uploads\/2022\/04\/Logo-France-Angels.png\",\"contentUrl\":\"https:\/\/www.franceangels.org\/wp-content\/uploads\/2022\/04\/Logo-France-Angels.png\",\"width\":4033,\"height\":1173,\"caption\":\"France Angels\"},\"image\":{\"@id\":\"https:\/\/www.franceangels.org\/#\/schema\/logo\/image\/\"}},{\"@type\":\"Person\",\"@id\":\"https:\/\/www.franceangels.org\/#\/schema\/person\/23bc1670ad5f0f132d0c3610b1ad2b59\",\"name\":\"France Angels\",\"image\":{\"@type\":\"ImageObject\",\"inLanguage\":\"en-US\",\"@id\":\"https:\/\/www.franceangels.org\/#\/schema\/person\/image\/\",\"url\":\"https:\/\/secure.gravatar.com\/avatar\/7686aa9e66054004e747510168483db8?s=96&d=mm&r=g\",\"contentUrl\":\"https:\/\/secure.gravatar.com\/avatar\/7686aa9e66054004e747510168483db8?s=96&d=mm&r=g\",\"caption\":\"France Angels\"},\"url\":\"https:\/\/www.franceangels.org\/en\/article\/author\/france-angels\/\"}]}<\/script>\n<!-- \/ Yoast SEO plugin. -->","yoast_head_json":{"title":"Arts & M\u00e9tiers Business Angels PACA et Alumni Business Angels unissent leurs forces - France Angels","robots":{"index":"index","follow":"follow","max-snippet":"max-snippet:-1","max-image-preview":"max-image-preview:large","max-video-preview":"max-video-preview:-1"},"canonical":"https:\/\/www.franceangels.org\/article\/arts-metiers-business-angels-paca-et-alumni-business-angels-unissent-leurs-forces\/","og_locale":"en_US","og_type":"article","og_title":"Arts & M\u00e9tiers Business Angels PACA et Alumni Business Angels unissent leurs forces - France Angels","og_description":"Arts &amp; M\u00e9tiers Business Angels PACA a accueilli une large majorit\u00e9 des membres du r\u00e9seau Alumni Business Angels.","og_url":"https:\/\/www.franceangels.org\/article\/arts-metiers-business-angels-paca-et-alumni-business-angels-unissent-leurs-forces\/","og_site_name":"France Angels","article_publisher":"https:\/\/facebook.com\/france.angels\/","article_published_time":"2025-12-09T11:21:34+00:00","article_modified_time":"2025-12-18T15:32:56+00:00","og_image":[{"width":1633,"height":805,"url":"https:\/\/www.franceangels.org\/wp-content\/uploads\/2025\/12\/Visuels-articles-6-1.png","type":"image\/png"}],"author":"France Angels","twitter_card":"summary_large_image","twitter_creator":"@franceangels","twitter_site":"@franceangels","twitter_misc":{"Written by":"France Angels","Est. reading time":"1 minute"},"schema":{"@context":"https:\/\/schema.org","@graph":[{"@type":"Article","@id":"https:\/\/www.franceangels.org\/article\/arts-metiers-business-angels-paca-et-alumni-business-angels-unissent-leurs-forces\/#article","isPartOf":{"@id":"https:\/\/www.franceangels.org\/article\/arts-metiers-business-angels-paca-et-alumni-business-angels-unissent-leurs-forces\/"},"author":{"name":"France Angels","@id":"https:\/\/www.franceangels.org\/#\/schema\/person\/23bc1670ad5f0f132d0c3610b1ad2b59"},"headline":"Arts &#038; M\u00e9tiers Business Angels PACA et Alumni Business Angels unissent leurs forces","datePublished":"2025-12-09T11:21:34+00:00","dateModified":"2025-12-18T15:32:56+00:00","mainEntityOfPage":{"@id":"https:\/\/www.franceangels.org\/article\/arts-metiers-business-angels-paca-et-alumni-business-angels-unissent-leurs-forces\/"},"wordCount":208,"publisher":{"@id":"https:\/\/www.franceangels.org\/#organization"},"keywords":["Alumni Business Angels","AMBA PACA","Arts &amp; M\u00e9tiers Business Angels","Business Angels","France Angels","Partenariat","R\u00e9seaux de Business Angels"],"articleSection":["2025","D\u00e9veloppement"],"inLanguage":"en-US"},{"@type":"WebPage","@id":"https:\/\/www.franceangels.org\/article\/arts-metiers-business-angels-paca-et-alumni-business-angels-unissent-leurs-forces\/","url":"https:\/\/www.franceangels.org\/article\/arts-metiers-business-angels-paca-et-alumni-business-angels-unissent-leurs-forces\/","name":"Arts & M\u00e9tiers Business Angels PACA et Alumni Business Angels unissent leurs forces - France Angels","isPartOf":{"@id":"https:\/\/www.franceangels.org\/#website"},"datePublished":"2025-12-09T11:21:34+00:00","dateModified":"2025-12-18T15:32:56+00:00","breadcrumb":{"@id":"https:\/\/www.franceangels.org\/article\/arts-metiers-business-angels-paca-et-alumni-business-angels-unissent-leurs-forces\/#breadcrumb"},"inLanguage":"en-US","potentialAction":[{"@type":"ReadAction","target":["https:\/\/www.franceangels.org\/article\/arts-metiers-business-angels-paca-et-alumni-business-angels-unissent-leurs-forces\/"]}]},{"@type":"BreadcrumbList","@id":"https:\/\/www.franceangels.org\/article\/arts-metiers-business-angels-paca-et-alumni-business-angels-unissent-leurs-forces\/#breadcrumb","itemListElement":[{"@type":"ListItem","position":1,"name":"Accueil","item":"https:\/\/www.franceangels.org\/en\/"},{"@type":"ListItem","position":2,"name":"Arts &#038; M\u00e9tiers Business Angels PACA et Alumni Business Angels unissent leurs forces"}]},{"@type":"WebSite","@id":"https:\/\/www.franceangels.org\/#website","url":"https:\/\/www.franceangels.org\/","name":"France Angels","description":"F\u00e9d\u00e9ration Nationale des Business Angels","publisher":{"@id":"https:\/\/www.franceangels.org\/#organization"},"potentialAction":[{"@type":"SearchAction","target":{"@type":"EntryPoint","urlTemplate":"https:\/\/www.franceangels.org\/?s={search_term_string}"},"query-input":"required name=search_term_string"}],"inLanguage":"en-US"},{"@type":"Organization","@id":"https:\/\/www.franceangels.org\/#organization","name":"France Angels","url":"https:\/\/www.franceangels.org\/","sameAs":["https:\/\/linkedin.com\/company\/france-angels","https:\/\/www.youtube.com\/channel\/UC5_t1C5xO9AloWjY4o5ob_Q","https:\/\/facebook.com\/france.angels\/","https:\/\/twitter.com\/franceangels"],"logo":{"@type":"ImageObject","inLanguage":"en-US","@id":"https:\/\/www.franceangels.org\/#\/schema\/logo\/image\/","url":"https:\/\/www.franceangels.org\/wp-content\/uploads\/2022\/04\/Logo-France-Angels.png","contentUrl":"https:\/\/www.franceangels.org\/wp-content\/uploads\/2022\/04\/Logo-France-Angels.png","width":4033,"height":1173,"caption":"France Angels"},"image":{"@id":"https:\/\/www.franceangels.org\/#\/schema\/logo\/image\/"}},{"@type":"Person","@id":"https:\/\/www.franceangels.org\/#\/schema\/person\/23bc1670ad5f0f132d0c3610b1ad2b59","name":"France Angels","image":{"@type":"ImageObject","inLanguage":"en-US","@id":"https:\/\/www.franceangels.org\/#\/schema\/person\/image\/","url":"https:\/\/secure.gravatar.com\/avatar\/7686aa9e66054004e747510168483db8?s=96&d=mm&r=g","contentUrl":"https:\/\/secure.gravatar.com\/avatar\/7686aa9e66054004e747510168483db8?s=96&d=mm&r=g","caption":"France Angels"},"url":"https:\/\/www.franceangels.org\/en\/article\/author\/france-angels\/"}]}},"_links":{"self":[{"href":"https:\/\/www.franceangels.org\/en\/wp-json\/wp\/v2\/posts\/25017"}],"collection":[{"href":"https:\/\/www.franceangels.org\/en\/wp-json\/wp\/v2\/posts"}],"about":[{"href":"https:\/\/www.franceangels.org\/en\/wp-json\/wp\/v2\/types\/post"}],"author":[{"embeddable":true,"href":"https:\/\/www.franceangels.org\/en\/wp-json\/wp\/v2\/users\/114"}],"replies":[{"embeddable":true,"href":"https:\/\/www.franceangels.org\/en\/wp-json\/wp\/v2\/comments?post=25017"}],"version-history":[{"count":2,"href":"https:\/\/www.franceangels.org\/en\/wp-json\/wp\/v2\/posts\/25017\/revisions"}],"predecessor-version":[{"id":25098,"href":"https:\/\/www.franceangels.org\/en\/wp-json\/wp\/v2\/posts\/25017\/revisions\/25098"}],"wp:featuredmedia":[{"embeddable":true,"href":"https:\/\/www.franceangels.org\/en\/wp-json\/wp\/v2\/media\/25192"}],"wp:attachment":[{"href":"https:\/\/www.franceangels.org\/en\/wp-json\/wp\/v2\/media?parent=25017"}],"wp:term":[{"taxonomy":"category","embeddable":true,"href":"https:\/\/www.franceangels.org\/en\/wp-json\/wp\/v2\/categories?post=25017"},{"taxonomy":"post_tag","embeddable":true,"href":"https:\/\/www.franceangels.org\/en\/wp-json\/wp\/v2\/tags?post=25017"}],"curies":[{"name":"wp","href":"https:\/\/api.w.org\/{rel}","templated":true}]}}