{"id":25058,"date":"2025-12-10T14:14:31","date_gmt":"2025-12-10T13:14:31","guid":{"rendered":"https:\/\/www.franceangels.org\/?p=25058"},"modified":"2025-12-18T14:18:51","modified_gmt":"2025-12-18T13:18:51","slug":"france-angels-renouvelle-son-partenariat-avec-techfest-et-ouvre-les-festivites-des-25-ans-de-la-federation%ef%bf%bc","status":"publish","type":"post","link":"https:\/\/www.franceangels.org\/en\/article\/france-angels-renouvelle-son-partenariat-avec-techfest-et-ouvre-les-festivites-des-25-ans-de-la-federation%ef%bf%bc\/","title":{"rendered":"France Angels renouvelle son partenariat avec Tech&#038;Fest et ouvre les festivit\u00e9s des 25 ans de la F\u00e9d\u00e9ration"},"content":{"rendered":"\n<p>\u00c0 l\u2019occasion de&nbsp;<strong><a href=\"https:\/\/beyondcapital.events\" target=\"_blank\" rel=\"noreferrer noopener\">Beyond Capital<\/a><\/strong>, France Angels a officialis\u00e9 le <strong>renouvellement de son partenariat avec<\/strong>&nbsp;<strong><a href=\"https:\/\/www.tech-fest.fr\" target=\"_blank\" rel=\"noreferrer noopener\">Tech&amp;Fest<\/a><\/strong>, le grand festival de la Tech et de l\u2019Innovation des territoires, qui se tiendra les<strong>&nbsp;04 et 05 f\u00e9vrier 2026<\/strong>.&nbsp;<\/p>\n\n\n\n<!--more-->\n\n\n\n<p>Cette nouvelle \u00e9dition marquera le&nbsp;<strong>lancement des festivit\u00e9s des 25 ans<\/strong>&nbsp;de <strong><a href=\"https:\/\/www.franceangels.org\" target=\"_blank\" rel=\"noreferrer noopener\">France Angels<\/a><\/strong> avec sa participation \u00e0 un premier \u00e9v\u00e9nement d\u2019ampleur internationale qui ouvrira une ann\u00e9e riche en rendez-vous et temps forts d\u00e9di\u00e9s \u00e0 c\u00e9l\u00e9brer l\u2019engagement des Business Angels au service du financement de l\u2019amor\u00e7age et de l\u2019innovation.<\/p>\n\n\n\n<p><strong>ANGELS Village, une opportunit\u00e9 pour les startups<\/strong><\/p>\n\n\n\n<p>France Angels donne rendez-vous \u00e0 l\u2019ensemble de ses r\u00e9seaux membres ainsi qu\u2019aux startups qu\u2019ils accompagnent au sein de l\u2019<strong>ANGELS Village<\/strong>&nbsp;: un<strong> espace pour favoriser les \u00e9changes entre Business Angels, entrepreneurs et partenaires<\/strong>. Au programme, de belles opportunit\u00e9s de rencontres, de visibilit\u00e9 et de collaboration.<\/p>\n\n\n\n<p>Gr\u00e2ce au partenariat renforc\u00e9 entre France Angels et Tech&amp;Fest,&nbsp;<strong>5 \u00e0 10 startups accompagn\u00e9es par les r\u00e9seaux membres<\/strong> de la F\u00e9d\u00e9ration&nbsp;auront la chance de <strong>b\u00e9n\u00e9ficier d\u2019un emplacement privil\u00e9gi\u00e9 au c\u0153ur de l\u2019ANGELS Village<\/strong>, comprenant :<\/p>\n\n\n\n<ul><li>Un&nbsp;<strong>espace de 3m\u00b2&nbsp;<\/strong>avec desk sur-mesure,<\/li><li>Une&nbsp;<strong>visibilit\u00e9&nbsp;<\/strong>sur le salon et sur divers supports (site internet, \u00e9crans), ainsi qu\u2019un kit de communication \u00e0 disposition,<\/li><li><strong>Participer<\/strong>&nbsp;aux r\u00e9unions d\u2019informations pour suivre les avanc\u00e9es du festival : d\u00e9couvrez en avant-premi\u00e8re le programme,<\/li><li><strong>15 invitations<\/strong>&nbsp;pour les 2 jours de l\u2019\u00e9v\u00e9nement \u00e0 partager avec les prospects, clients, collaborateurs de la startup exposante.<\/li><\/ul>\n\n\n\n<p><strong>Startups, vous avez jusqu&#8217;au 31 d\u00e9cembre 2025 pour candidater<\/strong>.La d\u00e9marche est simple : il vous suffit de remplir ce <strong><a href=\"https:\/\/mcusercontent.com\/48981545f014cb67c77b7ba1e\/files\/439b4be9-8bac-accd-1c5a-1ec236ffa7e2\/Tech_amp_Fest_25_Contrat_STARTUP_EBRA_EventsANGELSVILLAGE.pdf\" target=\"_blank\" rel=\"noreferrer noopener\">formulaire<\/a> <\/strong>et de le transmettre \u00e0 cette adresse-mail : contact@franceangels.org.<\/p>\n\n\n\n<p><strong>Un avantage r\u00e9serv\u00e9 aux r\u00e9seaux membres de France Angels<\/strong><\/p>\n\n\n\n<p>En parall\u00e8le, France Angels met \u00e9galement \u00e0 disposition de ses r\u00e9seaux membres&nbsp;<strong>une cinquantaine de pass<\/strong> <strong>offrant un&nbsp;acc\u00e8s complet au salon<\/strong>. Une mani\u00e8re id\u00e9ale de profiter pleinement de la richesse du programme et de renforcer les liens au sein de l\u2019\u00e9cosyst\u00e8me.<\/p>\n","protected":false},"excerpt":{"rendered":"<p>\u00c0 l\u2019occasion de&nbsp;Beyond Capital, France Angels a officialis\u00e9 le renouvellement de son partenariat avec&nbsp;Tech&amp;Fest, le grand festival de la Tech et de l\u2019Innovation des territoires, qui se tiendra les&nbsp;04 et 05 f\u00e9vrier 2026.&nbsp;<\/p>\n","protected":false},"author":114,"featured_media":25059,"comment_status":"closed","ping_status":"open","sticky":false,"template":"","format":"standard","meta":{"inline_featured_image":false},"categories":[173,58],"tags":[63,78,129,110,76,1157],"yoast_head":"<!-- This site is optimized with the Yoast SEO plugin v19.7.2 - https:\/\/yoast.com\/wordpress\/plugins\/seo\/ -->\n<title>France Angels renouvelle son partenariat avec Tech&amp;Fest et ouvre les festivit\u00e9s des 25 ans de la F\u00e9d\u00e9ration - France Angels<\/title>\n<meta name=\"robots\" content=\"index, follow, max-snippet:-1, max-image-preview:large, max-video-preview:-1\" \/>\n<link rel=\"canonical\" href=\"https:\/\/www.franceangels.org\/article\/france-angels-renouvelle-son-partenariat-avec-techfest-et-ouvre-les-festivites-des-25-ans-de-la-federation\ufffc\/\" \/>\n<meta property=\"og:locale\" content=\"en_US\" \/>\n<meta property=\"og:type\" content=\"article\" \/>\n<meta property=\"og:title\" content=\"France Angels renouvelle son partenariat avec Tech&amp;Fest et ouvre les festivit\u00e9s des 25 ans de la F\u00e9d\u00e9ration - France Angels\" \/>\n<meta property=\"og:description\" content=\"\u00c0 l\u2019occasion de&nbsp;Beyond Capital, France Angels a officialis\u00e9 le renouvellement de son partenariat avec&nbsp;Tech&amp;Fest, le grand festival de la Tech et de l\u2019Innovation des territoires, qui se tiendra les&nbsp;04 et 05 f\u00e9vrier 2026.&nbsp;\" \/>\n<meta property=\"og:url\" content=\"https:\/\/www.franceangels.org\/article\/france-angels-renouvelle-son-partenariat-avec-techfest-et-ouvre-les-festivites-des-25-ans-de-la-federation\ufffc\/\" \/>\n<meta property=\"og:site_name\" content=\"France Angels\" \/>\n<meta property=\"article:publisher\" content=\"https:\/\/facebook.com\/france.angels\/\" \/>\n<meta property=\"article:published_time\" content=\"2025-12-10T13:14:31+00:00\" \/>\n<meta property=\"article:modified_time\" content=\"2025-12-18T13:18:51+00:00\" \/>\n<meta property=\"og:image\" content=\"https:\/\/www.franceangels.org\/wp-content\/uploads\/2025\/12\/Visuels-articles-13.png\" \/>\n\t<meta property=\"og:image:width\" content=\"1633\" \/>\n\t<meta property=\"og:image:height\" content=\"805\" \/>\n\t<meta property=\"og:image:type\" content=\"image\/png\" \/>\n<meta name=\"author\" content=\"France Angels\" \/>\n<meta name=\"twitter:card\" content=\"summary_large_image\" \/>\n<meta name=\"twitter:creator\" content=\"@franceangels\" \/>\n<meta name=\"twitter:site\" content=\"@franceangels\" \/>\n<meta name=\"twitter:label1\" content=\"Written by\" \/>\n\t<meta name=\"twitter:data1\" content=\"France Angels\" \/>\n\t<meta name=\"twitter:label2\" content=\"Est. reading time\" \/>\n\t<meta name=\"twitter:data2\" content=\"2 minutes\" \/>\n<script type=\"application\/ld+json\" class=\"yoast-schema-graph\">{\"@context\":\"https:\/\/schema.org\",\"@graph\":[{\"@type\":\"Article\",\"@id\":\"https:\/\/www.franceangels.org\/article\/france-angels-renouvelle-son-partenariat-avec-techfest-et-ouvre-les-festivites-des-25-ans-de-la-federation%ef%bf%bc\/#article\",\"isPartOf\":{\"@id\":\"https:\/\/www.franceangels.org\/article\/france-angels-renouvelle-son-partenariat-avec-techfest-et-ouvre-les-festivites-des-25-ans-de-la-federation%ef%bf%bc\/\"},\"author\":{\"name\":\"France Angels\",\"@id\":\"https:\/\/www.franceangels.org\/#\/schema\/person\/23bc1670ad5f0f132d0c3610b1ad2b59\"},\"headline\":\"France Angels renouvelle son partenariat avec Tech&#038;Fest et ouvre les festivit\u00e9s des 25 ans de la F\u00e9d\u00e9ration\",\"datePublished\":\"2025-12-10T13:14:31+00:00\",\"dateModified\":\"2025-12-18T13:18:51+00:00\",\"mainEntityOfPage\":{\"@id\":\"https:\/\/www.franceangels.org\/article\/france-angels-renouvelle-son-partenariat-avec-techfest-et-ouvre-les-festivites-des-25-ans-de-la-federation%ef%bf%bc\/\"},\"wordCount\":385,\"publisher\":{\"@id\":\"https:\/\/www.franceangels.org\/#organization\"},\"keywords\":[\"Business Angels\",\"France Angels\",\"Partenaires\",\"Partenariat\",\"R\u00e9seaux de Business Angels\",\"tech&amp;fest\"],\"articleSection\":[\"2025\",\"France Angels\"],\"inLanguage\":\"en-US\"},{\"@type\":\"WebPage\",\"@id\":\"https:\/\/www.franceangels.org\/article\/france-angels-renouvelle-son-partenariat-avec-techfest-et-ouvre-les-festivites-des-25-ans-de-la-federation%ef%bf%bc\/\",\"url\":\"https:\/\/www.franceangels.org\/article\/france-angels-renouvelle-son-partenariat-avec-techfest-et-ouvre-les-festivites-des-25-ans-de-la-federation%ef%bf%bc\/\",\"name\":\"France Angels renouvelle son partenariat avec Tech&Fest et ouvre les festivit\u00e9s des 25 ans de la F\u00e9d\u00e9ration - France Angels\",\"isPartOf\":{\"@id\":\"https:\/\/www.franceangels.org\/#website\"},\"datePublished\":\"2025-12-10T13:14:31+00:00\",\"dateModified\":\"2025-12-18T13:18:51+00:00\",\"breadcrumb\":{\"@id\":\"https:\/\/www.franceangels.org\/article\/france-angels-renouvelle-son-partenariat-avec-techfest-et-ouvre-les-festivites-des-25-ans-de-la-federation%ef%bf%bc\/#breadcrumb\"},\"inLanguage\":\"en-US\",\"potentialAction\":[{\"@type\":\"ReadAction\",\"target\":[\"https:\/\/www.franceangels.org\/article\/france-angels-renouvelle-son-partenariat-avec-techfest-et-ouvre-les-festivites-des-25-ans-de-la-federation%ef%bf%bc\/\"]}]},{\"@type\":\"BreadcrumbList\",\"@id\":\"https:\/\/www.franceangels.org\/article\/france-angels-renouvelle-son-partenariat-avec-techfest-et-ouvre-les-festivites-des-25-ans-de-la-federation%ef%bf%bc\/#breadcrumb\",\"itemListElement\":[{\"@type\":\"ListItem\",\"position\":1,\"name\":\"Accueil\",\"item\":\"https:\/\/www.franceangels.org\/en\/\"},{\"@type\":\"ListItem\",\"position\":2,\"name\":\"France Angels renouvelle son partenariat avec Tech&#038;Fest et ouvre les festivit\u00e9s des 25 ans de la F\u00e9d\u00e9ration\"}]},{\"@type\":\"WebSite\",\"@id\":\"https:\/\/www.franceangels.org\/#website\",\"url\":\"https:\/\/www.franceangels.org\/\",\"name\":\"France Angels\",\"description\":\"F\u00e9d\u00e9ration Nationale des Business Angels\",\"publisher\":{\"@id\":\"https:\/\/www.franceangels.org\/#organization\"},\"potentialAction\":[{\"@type\":\"SearchAction\",\"target\":{\"@type\":\"EntryPoint\",\"urlTemplate\":\"https:\/\/www.franceangels.org\/?s={search_term_string}\"},\"query-input\":\"required name=search_term_string\"}],\"inLanguage\":\"en-US\"},{\"@type\":\"Organization\",\"@id\":\"https:\/\/www.franceangels.org\/#organization\",\"name\":\"France Angels\",\"url\":\"https:\/\/www.franceangels.org\/\",\"sameAs\":[\"https:\/\/linkedin.com\/company\/france-angels\",\"https:\/\/www.youtube.com\/channel\/UC5_t1C5xO9AloWjY4o5ob_Q\",\"https:\/\/facebook.com\/france.angels\/\",\"https:\/\/twitter.com\/franceangels\"],\"logo\":{\"@type\":\"ImageObject\",\"inLanguage\":\"en-US\",\"@id\":\"https:\/\/www.franceangels.org\/#\/schema\/logo\/image\/\",\"url\":\"https:\/\/www.franceangels.org\/wp-content\/uploads\/2022\/04\/Logo-France-Angels.png\",\"contentUrl\":\"https:\/\/www.franceangels.org\/wp-content\/uploads\/2022\/04\/Logo-France-Angels.png\",\"width\":4033,\"height\":1173,\"caption\":\"France Angels\"},\"image\":{\"@id\":\"https:\/\/www.franceangels.org\/#\/schema\/logo\/image\/\"}},{\"@type\":\"Person\",\"@id\":\"https:\/\/www.franceangels.org\/#\/schema\/person\/23bc1670ad5f0f132d0c3610b1ad2b59\",\"name\":\"France Angels\",\"image\":{\"@type\":\"ImageObject\",\"inLanguage\":\"en-US\",\"@id\":\"https:\/\/www.franceangels.org\/#\/schema\/person\/image\/\",\"url\":\"https:\/\/secure.gravatar.com\/avatar\/7686aa9e66054004e747510168483db8?s=96&d=mm&r=g\",\"contentUrl\":\"https:\/\/secure.gravatar.com\/avatar\/7686aa9e66054004e747510168483db8?s=96&d=mm&r=g\",\"caption\":\"France Angels\"},\"url\":\"https:\/\/www.franceangels.org\/en\/article\/author\/france-angels\/\"}]}<\/script>\n<!-- \/ Yoast SEO plugin. -->","yoast_head_json":{"title":"France Angels renouvelle son partenariat avec Tech&Fest et ouvre les festivit\u00e9s des 25 ans de la F\u00e9d\u00e9ration - France Angels","robots":{"index":"index","follow":"follow","max-snippet":"max-snippet:-1","max-image-preview":"max-image-preview:large","max-video-preview":"max-video-preview:-1"},"canonical":"https:\/\/www.franceangels.org\/article\/france-angels-renouvelle-son-partenariat-avec-techfest-et-ouvre-les-festivites-des-25-ans-de-la-federation\ufffc\/","og_locale":"en_US","og_type":"article","og_title":"France Angels renouvelle son partenariat avec Tech&Fest et ouvre les festivit\u00e9s des 25 ans de la F\u00e9d\u00e9ration - France Angels","og_description":"\u00c0 l\u2019occasion de&nbsp;Beyond Capital, France Angels a officialis\u00e9 le renouvellement de son partenariat avec&nbsp;Tech&amp;Fest, le grand festival de la Tech et de l\u2019Innovation des territoires, qui se tiendra les&nbsp;04 et 05 f\u00e9vrier 2026.&nbsp;","og_url":"https:\/\/www.franceangels.org\/article\/france-angels-renouvelle-son-partenariat-avec-techfest-et-ouvre-les-festivites-des-25-ans-de-la-federation\ufffc\/","og_site_name":"France Angels","article_publisher":"https:\/\/facebook.com\/france.angels\/","article_published_time":"2025-12-10T13:14:31+00:00","article_modified_time":"2025-12-18T13:18:51+00:00","og_image":[{"width":1633,"height":805,"url":"https:\/\/www.franceangels.org\/wp-content\/uploads\/2025\/12\/Visuels-articles-13.png","type":"image\/png"}],"author":"France Angels","twitter_card":"summary_large_image","twitter_creator":"@franceangels","twitter_site":"@franceangels","twitter_misc":{"Written by":"France Angels","Est. reading time":"2 minutes"},"schema":{"@context":"https:\/\/schema.org","@graph":[{"@type":"Article","@id":"https:\/\/www.franceangels.org\/article\/france-angels-renouvelle-son-partenariat-avec-techfest-et-ouvre-les-festivites-des-25-ans-de-la-federation%ef%bf%bc\/#article","isPartOf":{"@id":"https:\/\/www.franceangels.org\/article\/france-angels-renouvelle-son-partenariat-avec-techfest-et-ouvre-les-festivites-des-25-ans-de-la-federation%ef%bf%bc\/"},"author":{"name":"France Angels","@id":"https:\/\/www.franceangels.org\/#\/schema\/person\/23bc1670ad5f0f132d0c3610b1ad2b59"},"headline":"France Angels renouvelle son partenariat avec Tech&#038;Fest et ouvre les festivit\u00e9s des 25 ans de la F\u00e9d\u00e9ration","datePublished":"2025-12-10T13:14:31+00:00","dateModified":"2025-12-18T13:18:51+00:00","mainEntityOfPage":{"@id":"https:\/\/www.franceangels.org\/article\/france-angels-renouvelle-son-partenariat-avec-techfest-et-ouvre-les-festivites-des-25-ans-de-la-federation%ef%bf%bc\/"},"wordCount":385,"publisher":{"@id":"https:\/\/www.franceangels.org\/#organization"},"keywords":["Business Angels","France Angels","Partenaires","Partenariat","R\u00e9seaux de Business Angels","tech&amp;fest"],"articleSection":["2025","France Angels"],"inLanguage":"en-US"},{"@type":"WebPage","@id":"https:\/\/www.franceangels.org\/article\/france-angels-renouvelle-son-partenariat-avec-techfest-et-ouvre-les-festivites-des-25-ans-de-la-federation%ef%bf%bc\/","url":"https:\/\/www.franceangels.org\/article\/france-angels-renouvelle-son-partenariat-avec-techfest-et-ouvre-les-festivites-des-25-ans-de-la-federation%ef%bf%bc\/","name":"France Angels renouvelle son partenariat avec Tech&Fest et ouvre les festivit\u00e9s des 25 ans de la F\u00e9d\u00e9ration - France Angels","isPartOf":{"@id":"https:\/\/www.franceangels.org\/#website"},"datePublished":"2025-12-10T13:14:31+00:00","dateModified":"2025-12-18T13:18:51+00:00","breadcrumb":{"@id":"https:\/\/www.franceangels.org\/article\/france-angels-renouvelle-son-partenariat-avec-techfest-et-ouvre-les-festivites-des-25-ans-de-la-federation%ef%bf%bc\/#breadcrumb"},"inLanguage":"en-US","potentialAction":[{"@type":"ReadAction","target":["https:\/\/www.franceangels.org\/article\/france-angels-renouvelle-son-partenariat-avec-techfest-et-ouvre-les-festivites-des-25-ans-de-la-federation%ef%bf%bc\/"]}]},{"@type":"BreadcrumbList","@id":"https:\/\/www.franceangels.org\/article\/france-angels-renouvelle-son-partenariat-avec-techfest-et-ouvre-les-festivites-des-25-ans-de-la-federation%ef%bf%bc\/#breadcrumb","itemListElement":[{"@type":"ListItem","position":1,"name":"Accueil","item":"https:\/\/www.franceangels.org\/en\/"},{"@type":"ListItem","position":2,"name":"France Angels renouvelle son partenariat avec Tech&#038;Fest et ouvre les festivit\u00e9s des 25 ans de la F\u00e9d\u00e9ration"}]},{"@type":"WebSite","@id":"https:\/\/www.franceangels.org\/#website","url":"https:\/\/www.franceangels.org\/","name":"France Angels","description":"F\u00e9d\u00e9ration Nationale des Business Angels","publisher":{"@id":"https:\/\/www.franceangels.org\/#organization"},"potentialAction":[{"@type":"SearchAction","target":{"@type":"EntryPoint","urlTemplate":"https:\/\/www.franceangels.org\/?s={search_term_string}"},"query-input":"required name=search_term_string"}],"inLanguage":"en-US"},{"@type":"Organization","@id":"https:\/\/www.franceangels.org\/#organization","name":"France Angels","url":"https:\/\/www.franceangels.org\/","sameAs":["https:\/\/linkedin.com\/company\/france-angels","https:\/\/www.youtube.com\/channel\/UC5_t1C5xO9AloWjY4o5ob_Q","https:\/\/facebook.com\/france.angels\/","https:\/\/twitter.com\/franceangels"],"logo":{"@type":"ImageObject","inLanguage":"en-US","@id":"https:\/\/www.franceangels.org\/#\/schema\/logo\/image\/","url":"https:\/\/www.franceangels.org\/wp-content\/uploads\/2022\/04\/Logo-France-Angels.png","contentUrl":"https:\/\/www.franceangels.org\/wp-content\/uploads\/2022\/04\/Logo-France-Angels.png","width":4033,"height":1173,"caption":"France Angels"},"image":{"@id":"https:\/\/www.franceangels.org\/#\/schema\/logo\/image\/"}},{"@type":"Person","@id":"https:\/\/www.franceangels.org\/#\/schema\/person\/23bc1670ad5f0f132d0c3610b1ad2b59","name":"France Angels","image":{"@type":"ImageObject","inLanguage":"en-US","@id":"https:\/\/www.franceangels.org\/#\/schema\/person\/image\/","url":"https:\/\/secure.gravatar.com\/avatar\/7686aa9e66054004e747510168483db8?s=96&d=mm&r=g","contentUrl":"https:\/\/secure.gravatar.com\/avatar\/7686aa9e66054004e747510168483db8?s=96&d=mm&r=g","caption":"France Angels"},"url":"https:\/\/www.franceangels.org\/en\/article\/author\/france-angels\/"}]}},"_links":{"self":[{"href":"https:\/\/www.franceangels.org\/en\/wp-json\/wp\/v2\/posts\/25058"}],"collection":[{"href":"https:\/\/www.franceangels.org\/en\/wp-json\/wp\/v2\/posts"}],"about":[{"href":"https:\/\/www.franceangels.org\/en\/wp-json\/wp\/v2\/types\/post"}],"author":[{"embeddable":true,"href":"https:\/\/www.franceangels.org\/en\/wp-json\/wp\/v2\/users\/114"}],"replies":[{"embeddable":true,"href":"https:\/\/www.franceangels.org\/en\/wp-json\/wp\/v2\/comments?post=25058"}],"version-history":[{"count":9,"href":"https:\/\/www.franceangels.org\/en\/wp-json\/wp\/v2\/posts\/25058\/revisions"}],"predecessor-version":[{"id":25173,"href":"https:\/\/www.franceangels.org\/en\/wp-json\/wp\/v2\/posts\/25058\/revisions\/25173"}],"wp:featuredmedia":[{"embeddable":true,"href":"https:\/\/www.franceangels.org\/en\/wp-json\/wp\/v2\/media\/25059"}],"wp:attachment":[{"href":"https:\/\/www.franceangels.org\/en\/wp-json\/wp\/v2\/media?parent=25058"}],"wp:term":[{"taxonomy":"category","embeddable":true,"href":"https:\/\/www.franceangels.org\/en\/wp-json\/wp\/v2\/categories?post=25058"},{"taxonomy":"post_tag","embeddable":true,"href":"https:\/\/www.franceangels.org\/en\/wp-json\/wp\/v2\/tags?post=25058"}],"curies":[{"name":"wp","href":"https:\/\/api.w.org\/{rel}","templated":true}]}}